{"id":2929,"date":"2011-10-16T19:48:33","date_gmt":"2011-10-16T17:48:33","guid":{"rendered":"http:\/\/www.wir-in-winden.de\/?p=2929"},"modified":"2011-10-16T19:53:15","modified_gmt":"2011-10-16T17:53:15","slug":"skatfreunde-spielten-bis-tief-in-die-nacht","status":"publish","type":"post","link":"https:\/\/www.wir-in-winden.de\/?p=2929","title":{"rendered":"Skatfreunde spielten bis tief in die Nacht"},"content":{"rendered":"<div id=\"attachment_2931\" style=\"width: 511px\" class=\"wp-caption alignnone\"><a href=\"http:\/\/www.wir-in-winden.de\/wp-content\/uploads\/2011\/10\/Preisskat1.jpg\"><img loading=\"lazy\" decoding=\"async\" aria-describedby=\"caption-attachment-2931\" class=\"size-full wp-image-2931\" title=\"Preisskat1\" src=\"http:\/\/www.wir-in-winden.de\/wp-content\/uploads\/2011\/10\/Preisskat1.jpg\" alt=\"\" width=\"501\" height=\"334\" srcset=\"https:\/\/www.wir-in-winden.de\/wp-content\/uploads\/2011\/10\/Preisskat1.jpg 819w, https:\/\/www.wir-in-winden.de\/wp-content\/uploads\/2011\/10\/Preisskat1-300x200.jpg 300w\" sizes=\"auto, (max-width: 501px) 100vw, 501px\" \/><\/a><p id=\"caption-attachment-2931\" class=\"wp-caption-text\"><em>Gute Laune beim Windener Preisskat. \u00dcber die Punktest\u00e4nde wurde genau Buch gef\u00fchrt.<\/em><\/p><\/div>\n<p>Einen spannenden Skat-Abend, der bis tief in die Nacht dauerte, erlebten 13 M\u00e4nner und eine Frau am Freitagabend in der Gastst\u00e4tte<strong><em> &#8222;Anno Tubac&#8220; <\/em><\/strong>in Winden. Zum 21. Mal richtete die <strong>Freiwillige Feuerwehr Winden <\/strong>ihren Preisskat aus, der einmal mehr auf lebhafte Resonanz stie\u00df. W\u00e4hrend an den Tischen ein z\u00fcnftiger Skat gekloppt wurde, trafen sich an der Theke Freunde des Spiels &#8222;M\u00e4xchen&#8220; sowie eine weitere Runde zum Kartenspiel &#8222;Schwimmen&#8220;.<!--more--><\/p>\n<div id=\"attachment_2938\" style=\"width: 306px\" class=\"wp-caption alignright\"><a href=\"http:\/\/www.wir-in-winden.de\/wp-content\/uploads\/2011\/10\/Preisskat-schwimmer5.jpg\"><img loading=\"lazy\" decoding=\"async\" aria-describedby=\"caption-attachment-2938\" class=\"size-full wp-image-2938\" title=\"Preisskat-schwimmer5\" src=\"http:\/\/www.wir-in-winden.de\/wp-content\/uploads\/2011\/10\/Preisskat-schwimmer5.jpg\" alt=\"\" width=\"296\" height=\"242\" srcset=\"https:\/\/www.wir-in-winden.de\/wp-content\/uploads\/2011\/10\/Preisskat-schwimmer5.jpg 819w, https:\/\/www.wir-in-winden.de\/wp-content\/uploads\/2011\/10\/Preisskat-schwimmer5-300x245.jpg 300w\" sizes=\"auto, (max-width: 296px) 100vw, 296px\" \/><\/a><p id=\"caption-attachment-2938\" class=\"wp-caption-text\"><em>Sieger Otto Obel (Attenhausen) erhielt von Ortsb\u00fcrgermeister Gebhard Linscheid den ersten Preis.<\/em><\/p><\/div>\n<p>Gespielt wurden am Vierer-Tisch zwei Runden zu jeweils 48 und am Dreier-Tisch zwei Runden zu 36 Spielen. Erst um 1.15 Uhr stand das Ergebnis fest. Den ersten Preis gewann <strong>Otto Obel <\/strong>aus Attenhausen mit 2758 Punkten. Zweiter wurde <strong>Herr Rosinus<\/strong> aus Wein\u00e4hr mit 2451 Punkten, auf Platz drei folgte<strong> Alois Rommersbach<\/strong> mit 2270 Punkten, dicht gefolgt von <strong>Alois Kurth<\/strong> mit 2259 Punkten. Die Preise \u00fcberreichte Ortsb\u00fcrgermeister <strong>Gebhard Linscheid<\/strong> pers\u00f6nlich. Schon jetzt freuen sich die Skatfreunde auf ein neues Turnier im Jahr 2012.<\/p>\n<div id=\"attachment_2935\" style=\"width: 410px\" class=\"wp-caption alignnone\"><a href=\"http:\/\/www.wir-in-winden.de\/wp-content\/uploads\/2011\/10\/Preisskat6.jpg\"><img loading=\"lazy\" decoding=\"async\" aria-describedby=\"caption-attachment-2935\" class=\"size-full wp-image-2935\" title=\"Preisskat6\" src=\"http:\/\/www.wir-in-winden.de\/wp-content\/uploads\/2011\/10\/Preisskat6.jpg\" alt=\"\" width=\"400\" height=\"352\" srcset=\"https:\/\/www.wir-in-winden.de\/wp-content\/uploads\/2011\/10\/Preisskat6.jpg 819w, https:\/\/www.wir-in-winden.de\/wp-content\/uploads\/2011\/10\/Preisskat6-300x264.jpg 300w\" sizes=\"auto, (max-width: 400px) 100vw, 400px\" \/><\/a><p id=\"caption-attachment-2935\" class=\"wp-caption-text\"><em>Auf dem zweiten Platz landete Herr Rosinus aus Wein\u00e4hr.<\/em><\/p><\/div>\n<div id=\"attachment_2934\" style=\"width: 410px\" class=\"wp-caption alignnone\"><a href=\"http:\/\/www.wir-in-winden.de\/wp-content\/uploads\/2011\/10\/preisskat4.jpg\"><img loading=\"lazy\" decoding=\"async\" aria-describedby=\"caption-attachment-2934\" class=\"size-full wp-image-2934\" title=\"preisskat4\" src=\"http:\/\/www.wir-in-winden.de\/wp-content\/uploads\/2011\/10\/preisskat4.jpg\" alt=\"\" width=\"400\" height=\"400\" srcset=\"https:\/\/www.wir-in-winden.de\/wp-content\/uploads\/2011\/10\/preisskat4.jpg 819w, https:\/\/www.wir-in-winden.de\/wp-content\/uploads\/2011\/10\/preisskat4-150x150.jpg 150w, https:\/\/www.wir-in-winden.de\/wp-content\/uploads\/2011\/10\/preisskat4-300x300.jpg 300w\" sizes=\"auto, (max-width: 400px) 100vw, 400px\" \/><\/a><p id=\"caption-attachment-2934\" class=\"wp-caption-text\"><em>Alois Rommersbach konnte neben dem Vereinspokal auch den Geldpreis f\u00fcr den dritten Platz mit nach Hause nehmen.<\/em><\/p><\/div>\n<p><a href=\"http:\/\/www.wir-in-winden.de\/wp-content\/uploads\/2011\/10\/Preisskat-schwimmer2.jpg\"><img loading=\"lazy\" decoding=\"async\" class=\"alignnone size-full wp-image-2937\" title=\"Preisskat-schwimmer2\" src=\"http:\/\/www.wir-in-winden.de\/wp-content\/uploads\/2011\/10\/Preisskat-schwimmer2.jpg\" alt=\"\" width=\"500\" height=\"375\" srcset=\"https:\/\/www.wir-in-winden.de\/wp-content\/uploads\/2011\/10\/Preisskat-schwimmer2.jpg 819w, https:\/\/www.wir-in-winden.de\/wp-content\/uploads\/2011\/10\/Preisskat-schwimmer2-300x225.jpg 300w\" sizes=\"auto, (max-width: 500px) 100vw, 500px\" \/><\/a><br \/>\n<a href=\"http:\/\/www.wir-in-winden.de\/wp-content\/uploads\/2011\/10\/Preisskat-schwimmer1.jpg\"><img loading=\"lazy\" decoding=\"async\" class=\"alignnone size-full wp-image-2936\" title=\"Preisskat-schwimmer1\" src=\"http:\/\/www.wir-in-winden.de\/wp-content\/uploads\/2011\/10\/Preisskat-schwimmer1.jpg\" alt=\"\" width=\"500\" height=\"320\" srcset=\"https:\/\/www.wir-in-winden.de\/wp-content\/uploads\/2011\/10\/Preisskat-schwimmer1.jpg 819w, https:\/\/www.wir-in-winden.de\/wp-content\/uploads\/2011\/10\/Preisskat-schwimmer1-300x192.jpg 300w\" sizes=\"auto, (max-width: 500px) 100vw, 500px\" \/><\/a><br \/>\n<a href=\"http:\/\/www.wir-in-winden.de\/wp-content\/uploads\/2011\/10\/Preisskat3.jpg\"><img loading=\"lazy\" decoding=\"async\" class=\"alignnone size-full wp-image-2933\" title=\"Preisskat3\" src=\"http:\/\/www.wir-in-winden.de\/wp-content\/uploads\/2011\/10\/Preisskat3.jpg\" alt=\"\" width=\"500\" height=\"488\" srcset=\"https:\/\/www.wir-in-winden.de\/wp-content\/uploads\/2011\/10\/Preisskat3.jpg 819w, https:\/\/www.wir-in-winden.de\/wp-content\/uploads\/2011\/10\/Preisskat3-300x292.jpg 300w\" sizes=\"auto, (max-width: 500px) 100vw, 500px\" \/><\/a><br \/>\n<a href=\"http:\/\/www.wir-in-winden.de\/wp-content\/uploads\/2011\/10\/preisskat2.jpg\"><img loading=\"lazy\" decoding=\"async\" class=\"alignnone size-full wp-image-2932\" title=\"preisskat2\" src=\"http:\/\/www.wir-in-winden.de\/wp-content\/uploads\/2011\/10\/preisskat2.jpg\" alt=\"\" width=\"500\" height=\"352\" srcset=\"https:\/\/www.wir-in-winden.de\/wp-content\/uploads\/2011\/10\/preisskat2.jpg 819w, https:\/\/www.wir-in-winden.de\/wp-content\/uploads\/2011\/10\/preisskat2-300x211.jpg 300w\" sizes=\"auto, (max-width: 500px) 100vw, 500px\" \/><\/a><\/p>\n","protected":false},"excerpt":{"rendered":"<p>Einen spannenden Skat-Abend, der bis tief in die Nacht dauerte, erlebten 13 M\u00e4nner und eine Frau am Freitagabend in der Gastst\u00e4tte &#8222;Anno Tubac&#8220; in Winden. Zum 21. Mal richtete die Freiwillige Feuerwehr Winden ihren Preisskat aus, der einmal mehr auf lebhafte Resonanz stie\u00df. W\u00e4hrend an den Tischen ein z\u00fcnftiger Skat gekloppt wurde, trafen sich an [&hellip;]<\/p>\n","protected":false},"author":1,"featured_media":0,"comment_status":"open","ping_status":"open","sticky":false,"template":"","format":"standard","meta":{"footnotes":""},"categories":[9],"tags":[],"class_list":["post-2929","post","type-post","status-publish","format-standard","hentry","category-feuerwehr"],"_links":{"self":[{"href":"https:\/\/www.wir-in-winden.de\/index.php?rest_route=\/wp\/v2\/posts\/2929","targetHints":{"allow":["GET"]}}],"collection":[{"href":"https:\/\/www.wir-in-winden.de\/index.php?rest_route=\/wp\/v2\/posts"}],"about":[{"href":"https:\/\/www.wir-in-winden.de\/index.php?rest_route=\/wp\/v2\/types\/post"}],"author":[{"embeddable":true,"href":"https:\/\/www.wir-in-winden.de\/index.php?rest_route=\/wp\/v2\/users\/1"}],"replies":[{"embeddable":true,"href":"https:\/\/www.wir-in-winden.de\/index.php?rest_route=%2Fwp%2Fv2%2Fcomments&post=2929"}],"version-history":[{"count":5,"href":"https:\/\/www.wir-in-winden.de\/index.php?rest_route=\/wp\/v2\/posts\/2929\/revisions"}],"predecessor-version":[{"id":2940,"href":"https:\/\/www.wir-in-winden.de\/index.php?rest_route=\/wp\/v2\/posts\/2929\/revisions\/2940"}],"wp:attachment":[{"href":"https:\/\/www.wir-in-winden.de\/index.php?rest_route=%2Fwp%2Fv2%2Fmedia&parent=2929"}],"wp:term":[{"taxonomy":"category","embeddable":true,"href":"https:\/\/www.wir-in-winden.de\/index.php?rest_route=%2Fwp%2Fv2%2Fcategories&post=2929"},{"taxonomy":"post_tag","embeddable":true,"href":"https:\/\/www.wir-in-winden.de\/index.php?rest_route=%2Fwp%2Fv2%2Ftags&post=2929"}],"curies":[{"name":"wp","href":"https:\/\/api.w.org\/{rel}","templated":true}]}}