{"id":1998,"date":"2011-04-17T16:25:52","date_gmt":"2011-04-17T15:25:52","guid":{"rendered":"http:\/\/www.wir-in-winden.de\/?p=1998"},"modified":"2011-04-17T16:29:15","modified_gmt":"2011-04-17T15:29:15","slug":"internet-funklosung-offenbar-vom-tisch","status":"publish","type":"post","link":"https:\/\/www.wir-in-winden.de\/?p=1998","title":{"rendered":"Internet: Funkl\u00f6sung ist vorerst vom Tisch"},"content":{"rendered":"<p>Eine Funkl\u00f6sung f\u00fcr schnelles Internet in Winden ist offenbar vom Tisch. Diese Einsch\u00e4tzung hat Ortsb\u00fcrgermeister<strong> Gebhard Linscheid <\/strong>dem Gemeinderat in j\u00fcngster Sitzung bekannt gegeben. Er sprach sich stattdessen f\u00fcr die Verlegung von Breitbandkabel aus. Das Fachb\u00fcro Athanus soll nun pr\u00fcfen, ob Winden die Voraussetzungen und Vorgaben f\u00fcr einen  Breitbandkabelanschluss erf\u00fcllt. Die Dauer der anstehenden Arbeiten wird auf etwa anderthalb Jahre gesch\u00e4tzt.<!--more--><br \/>\nHintergrund ist, dass zwischen Nassau und Winden ein Leerrohr der Deutschen Telekom verl\u00e4uft, das wom\u00f6glich f\u00fcr die Verlegung einer schnellen Internetleitung genutzt werden k\u00f6nnte. Nach der derzeitigen Berechnung w\u00fcrde bei der Telekom ein Fehlbetrag von 67.000 Euro entstehen. Das Fachb\u00fcro soll nun ermitteln, welcher Bedarf in Winden f\u00fcr schnellere Breitbandverbindungen vorhanden ist; das Ergebnis der Umfrage soll dem Ortsgemeinderat als gutachterliche Aussage vorgelegt werden.<br \/>\nWie Linscheid weiter erl\u00e4uterte, k\u00f6nnte sowohl die Beauftragung eines Fachb\u00fcros (Kosten: 10.000 bis 20.000 Euro) als auch der Gemeindeanteil am schnellen Internet mit EU-Geldern in einer H\u00f6he von bis 90 Prozent gef\u00f6rdert werden.<\/p>\n<p>Ratsmitglied <strong>Matthias Uhle <\/strong>erkl\u00e4rte, dass er zur Bew\u00e4ltigung der anstehenden Arbeiten nach wie vor die Verbandsgemeinde in der Pflicht sieht, wie es in anderen Verbandsgemeinden auch der Fall sei. Er pl\u00e4dierte darauf, die Entscheidungen f\u00fcr Funk oder Breitband den B\u00fcrgern \u00fcberlassen.<\/p>\n","protected":false},"excerpt":{"rendered":"<p>Eine Funkl\u00f6sung f\u00fcr schnelles Internet in Winden ist offenbar vom Tisch. Diese Einsch\u00e4tzung hat Ortsb\u00fcrgermeister Gebhard Linscheid dem Gemeinderat in j\u00fcngster Sitzung bekannt gegeben. Er sprach sich stattdessen f\u00fcr die Verlegung von Breitbandkabel aus. Das Fachb\u00fcro Athanus soll nun pr\u00fcfen, ob Winden die Voraussetzungen und Vorgaben f\u00fcr einen Breitbandkabelanschluss erf\u00fcllt. Die Dauer der anstehenden Arbeiten [&hellip;]<\/p>\n","protected":false},"author":1,"featured_media":0,"comment_status":"open","ping_status":"open","sticky":false,"template":"","format":"standard","meta":{"footnotes":""},"categories":[5],"tags":[],"class_list":["post-1998","post","type-post","status-publish","format-standard","hentry","category-gemeinderat"],"_links":{"self":[{"href":"https:\/\/www.wir-in-winden.de\/index.php?rest_route=\/wp\/v2\/posts\/1998","targetHints":{"allow":["GET"]}}],"collection":[{"href":"https:\/\/www.wir-in-winden.de\/index.php?rest_route=\/wp\/v2\/posts"}],"about":[{"href":"https:\/\/www.wir-in-winden.de\/index.php?rest_route=\/wp\/v2\/types\/post"}],"author":[{"embeddable":true,"href":"https:\/\/www.wir-in-winden.de\/index.php?rest_route=\/wp\/v2\/users\/1"}],"replies":[{"embeddable":true,"href":"https:\/\/www.wir-in-winden.de\/index.php?rest_route=%2Fwp%2Fv2%2Fcomments&post=1998"}],"version-history":[{"count":6,"href":"https:\/\/www.wir-in-winden.de\/index.php?rest_route=\/wp\/v2\/posts\/1998\/revisions"}],"predecessor-version":[{"id":2004,"href":"https:\/\/www.wir-in-winden.de\/index.php?rest_route=\/wp\/v2\/posts\/1998\/revisions\/2004"}],"wp:attachment":[{"href":"https:\/\/www.wir-in-winden.de\/index.php?rest_route=%2Fwp%2Fv2%2Fmedia&parent=1998"}],"wp:term":[{"taxonomy":"category","embeddable":true,"href":"https:\/\/www.wir-in-winden.de\/index.php?rest_route=%2Fwp%2Fv2%2Fcategories&post=1998"},{"taxonomy":"post_tag","embeddable":true,"href":"https:\/\/www.wir-in-winden.de\/index.php?rest_route=%2Fwp%2Fv2%2Ftags&post=1998"}],"curies":[{"name":"wp","href":"https:\/\/api.w.org\/{rel}","templated":true}]}}