{"id":1942,"date":"2011-04-11T06:19:03","date_gmt":"2011-04-11T05:19:03","guid":{"rendered":"http:\/\/www.wir-in-winden.de\/?p=1942"},"modified":"2011-04-11T06:19:38","modified_gmt":"2011-04-11T05:19:38","slug":"gemeinderat-vergibt-heute-auftrage","status":"publish","type":"post","link":"https:\/\/www.wir-in-winden.de\/?p=1942","title":{"rendered":"Gemeinderat vergibt heute Auftr\u00e4ge"},"content":{"rendered":"<p>Der Windener Gemeinderat beschlie\u00dft in seiner Sitzung am heutigen<strong> Montag, 11. April, 19.30 Uhr, <\/strong>im<strong> Pfarrheim<\/strong> \u00fcber den Haushaltsplan f\u00fcr 2011. Au\u00dferdem werden in der Sitzung Auftr\u00e4ge f\u00fcr die Erneuerung der Stra\u00dfenbeleuchtung in der<strong> Triftstra\u00dfe<\/strong>, die Elektro- sowie Heizungs- und Sanit\u00e4rarbeiten arbeiten im k\u00fcnftigen<strong> Dorfcaf\u00e9<\/strong> vergeben. Ein Weiteres Thema ist die Erhebung von Vorausleistungen auf die<br \/>\nErschlie\u00dfungsbeitr\u00e4ge f\u00fcr die Erschlie\u00dfungseinheit &#8222;Vor dem Wald&#8220;\/&#8220;Triftstra\u00dfe&#8220;, teilte Ortsb\u00fcrgermeister <strong>Gebhard Linscheid<\/strong> mit.<\/p>\n","protected":false},"excerpt":{"rendered":"<p>Der Windener Gemeinderat beschlie\u00dft in seiner Sitzung am heutigen Montag, 11. April, 19.30 Uhr, im Pfarrheim \u00fcber den Haushaltsplan f\u00fcr 2011. Au\u00dferdem werden in der Sitzung Auftr\u00e4ge f\u00fcr die Erneuerung der Stra\u00dfenbeleuchtung in der Triftstra\u00dfe, die Elektro- sowie Heizungs- und Sanit\u00e4rarbeiten arbeiten im k\u00fcnftigen Dorfcaf\u00e9 vergeben. Ein Weiteres Thema ist die Erhebung von Vorausleistungen auf [&hellip;]<\/p>\n","protected":false},"author":1,"featured_media":0,"comment_status":"open","ping_status":"open","sticky":false,"template":"","format":"standard","meta":{"footnotes":""},"categories":[5],"tags":[],"class_list":["post-1942","post","type-post","status-publish","format-standard","hentry","category-gemeinderat"],"_links":{"self":[{"href":"https:\/\/www.wir-in-winden.de\/index.php?rest_route=\/wp\/v2\/posts\/1942","targetHints":{"allow":["GET"]}}],"collection":[{"href":"https:\/\/www.wir-in-winden.de\/index.php?rest_route=\/wp\/v2\/posts"}],"about":[{"href":"https:\/\/www.wir-in-winden.de\/index.php?rest_route=\/wp\/v2\/types\/post"}],"author":[{"embeddable":true,"href":"https:\/\/www.wir-in-winden.de\/index.php?rest_route=\/wp\/v2\/users\/1"}],"replies":[{"embeddable":true,"href":"https:\/\/www.wir-in-winden.de\/index.php?rest_route=%2Fwp%2Fv2%2Fcomments&post=1942"}],"version-history":[{"count":4,"href":"https:\/\/www.wir-in-winden.de\/index.php?rest_route=\/wp\/v2\/posts\/1942\/revisions"}],"predecessor-version":[{"id":1946,"href":"https:\/\/www.wir-in-winden.de\/index.php?rest_route=\/wp\/v2\/posts\/1942\/revisions\/1946"}],"wp:attachment":[{"href":"https:\/\/www.wir-in-winden.de\/index.php?rest_route=%2Fwp%2Fv2%2Fmedia&parent=1942"}],"wp:term":[{"taxonomy":"category","embeddable":true,"href":"https:\/\/www.wir-in-winden.de\/index.php?rest_route=%2Fwp%2Fv2%2Fcategories&post=1942"},{"taxonomy":"post_tag","embeddable":true,"href":"https:\/\/www.wir-in-winden.de\/index.php?rest_route=%2Fwp%2Fv2%2Ftags&post=1942"}],"curies":[{"name":"wp","href":"https:\/\/api.w.org\/{rel}","templated":true}]}}