{"id":1856,"date":"2011-03-29T00:43:33","date_gmt":"2011-03-28T23:43:33","guid":{"rendered":"http:\/\/www.wir-in-winden.de\/?p=1856"},"modified":"2011-03-29T12:37:45","modified_gmt":"2011-03-29T11:37:45","slug":"christof-dennebaum-neuer-vize-chef-der-schutzen","status":"publish","type":"post","link":"https:\/\/www.wir-in-winden.de\/?p=1856","title":{"rendered":"Christof Dennebaum neuer Vize-Chef der Sch\u00fctzen"},"content":{"rendered":"<div id=\"attachment_1857\" style=\"width: 513px\" class=\"wp-caption alignnone\"><a href=\"http:\/\/www.wir-in-winden.de\/wp-content\/uploads\/2011\/03\/sch\u00fctzengesellschaft-vorstand.jpg\"><img loading=\"lazy\" decoding=\"async\" aria-describedby=\"caption-attachment-1857\" class=\"size-full wp-image-1857\" title=\"sch\u00fctzengesellschaft-vorstand\" src=\"http:\/\/www.wir-in-winden.de\/wp-content\/uploads\/2011\/03\/sch\u00fctzengesellschaft-vorstand.jpg\" alt=\"\" width=\"503\" height=\"314\" srcset=\"https:\/\/www.wir-in-winden.de\/wp-content\/uploads\/2011\/03\/sch\u00fctzengesellschaft-vorstand.jpg 1024w, https:\/\/www.wir-in-winden.de\/wp-content\/uploads\/2011\/03\/sch\u00fctzengesellschaft-vorstand-300x187.jpg 300w\" sizes=\"auto, (max-width: 503px) 100vw, 503px\" \/><\/a><p id=\"caption-attachment-1857\" class=\"wp-caption-text\"><em>Der neugew\u00e4hlte Vorstand der Sch\u00fctzengesellschaft Winden 1960.<\/em><\/p><\/div>\n<p>Die <strong>Sch\u00fctzengesellschaft Winden<\/strong> hat in ihrer j\u00fcngsten Jahreshauptversammlung einen neuen Vorstand gew\u00e4hlt. Alter und neuer Erster Vorsitzender ist <strong>Michael Eifler<\/strong>. Eine Kampfabstimmung gab es um das Amt des Zweiten Vorsitzenden, nachdem <strong>Willi Fuchs<\/strong> auf eigenen Wunsch nicht mehr f\u00fcr das Amt kandidieren wollte. Mit zw\u00f6lf zu elf Stimmen setzte sich in geheimer Wahl<strong> Christof Dennebaum<\/strong> hauchd\u00fcnn gegen <strong>Joachim von Koblinksi <\/strong>durch. <strong>Roland Dennebaum<\/strong> wurde in \u00f6ffentlicher Abstimmung einstimmig zum Schatzmeister gew\u00e4hlt. Neu in den Vorstand r\u00fcckten <strong>Heinz Heller<\/strong> als Gesch\u00e4ftsf\u00fchrer sowie als neue Beisitzer <strong>Sascha Handwerker, Olaf Sandmann<\/strong> und <strong>Joachim von Koblinski<\/strong>. Alle wurden einstimmig in ihr Amt gew\u00e4hlt.<!--more--><\/p>\n<p>Zuvor hatten die Sch\u00fctzen auf ein sehr erfolgreiches Jahr 2010 zur\u00fcckgeblickt, in dem die 50-Jahr-Feier und der Sommerbiathon herausragten. Allen ausgeschiedenen Vorstandsmitgliedern wurde f\u00fcr die geleistete Arbeit gedankt. Besonderer Dank galt Ehrenmitglied Willi Fuchs, der viele Jahre die Geschicke der Windener Sch\u00fctzengesellschaft mitgestaltet und ma\u00dfgeblichen Anteil am Bau des Sch\u00fctzenhauses hatte. Er wurde verabschiedet mit den Worten: &#8222;Wir hoffen, dass wir Dich noch oft hier im Sch\u00fctzenhaus begr\u00fc\u00dfen d\u00fcrfen und Du uns weiterhin mit deinem Rat zu Verf\u00fcgung stehen wirst. Danke, Willi!&#8220;<br \/>\nSchon jetzt weisen die Windener Sch\u00fctzen auf ihren nunmehr zweiten Sommerbiathlon am 18. Juni hin. Alle Interessierten Teilnehmer sind eingeladen, donnerstags f\u00fcr ein Probetraining vorbei zu schauen. Sponsoren die sich an dem Event beteiligen m\u00f6chten erhalten Auskunft unter <a href=\"http:\/\/www.sch\u00fctzen-winden.de.vu \" target=\"_blank\"><\/a><a href=\"http:\/\/www.schuetzen-winden.de.vu\" target=\"_blank\">http:\/\/www.schuetzen-winden.de.vu<\/a>\u00a0oder unter Telefon 02604\/951685.<\/p>\n","protected":false},"excerpt":{"rendered":"<p>Die Sch\u00fctzengesellschaft Winden hat in ihrer j\u00fcngsten Jahreshauptversammlung einen neuen Vorstand gew\u00e4hlt. Alter und neuer Erster Vorsitzender ist Michael Eifler. Eine Kampfabstimmung gab es um das Amt des Zweiten Vorsitzenden, nachdem Willi Fuchs auf eigenen Wunsch nicht mehr f\u00fcr das Amt kandidieren wollte. Mit zw\u00f6lf zu elf Stimmen setzte sich in geheimer Wahl Christof Dennebaum [&hellip;]<\/p>\n","protected":false},"author":1,"featured_media":0,"comment_status":"open","ping_status":"open","sticky":false,"template":"","format":"standard","meta":{"footnotes":""},"categories":[20],"tags":[],"class_list":["post-1856","post","type-post","status-publish","format-standard","hentry","category-schutzengesellschaft"],"_links":{"self":[{"href":"https:\/\/www.wir-in-winden.de\/index.php?rest_route=\/wp\/v2\/posts\/1856","targetHints":{"allow":["GET"]}}],"collection":[{"href":"https:\/\/www.wir-in-winden.de\/index.php?rest_route=\/wp\/v2\/posts"}],"about":[{"href":"https:\/\/www.wir-in-winden.de\/index.php?rest_route=\/wp\/v2\/types\/post"}],"author":[{"embeddable":true,"href":"https:\/\/www.wir-in-winden.de\/index.php?rest_route=\/wp\/v2\/users\/1"}],"replies":[{"embeddable":true,"href":"https:\/\/www.wir-in-winden.de\/index.php?rest_route=%2Fwp%2Fv2%2Fcomments&post=1856"}],"version-history":[{"count":7,"href":"https:\/\/www.wir-in-winden.de\/index.php?rest_route=\/wp\/v2\/posts\/1856\/revisions"}],"predecessor-version":[{"id":1865,"href":"https:\/\/www.wir-in-winden.de\/index.php?rest_route=\/wp\/v2\/posts\/1856\/revisions\/1865"}],"wp:attachment":[{"href":"https:\/\/www.wir-in-winden.de\/index.php?rest_route=%2Fwp%2Fv2%2Fmedia&parent=1856"}],"wp:term":[{"taxonomy":"category","embeddable":true,"href":"https:\/\/www.wir-in-winden.de\/index.php?rest_route=%2Fwp%2Fv2%2Fcategories&post=1856"},{"taxonomy":"post_tag","embeddable":true,"href":"https:\/\/www.wir-in-winden.de\/index.php?rest_route=%2Fwp%2Fv2%2Ftags&post=1856"}],"curies":[{"name":"wp","href":"https:\/\/api.w.org\/{rel}","templated":true}]}}