{"id":1751,"date":"2011-03-07T07:23:48","date_gmt":"2011-03-07T06:23:48","guid":{"rendered":"http:\/\/www.wir-in-winden.de\/?p=1751"},"modified":"2011-03-07T07:23:48","modified_gmt":"2011-03-07T06:23:48","slug":"schutzengesellschaft-wahlt-neuen-vorstand","status":"publish","type":"post","link":"https:\/\/www.wir-in-winden.de\/?p=1751","title":{"rendered":"Sch\u00fctzengesellschaft w\u00e4hlt neuen Vorstand"},"content":{"rendered":"<p>Die<strong> Sch\u00fctzengesellschaft 1960 Winden<\/strong> hat ihre Jahreshauptversammlung am<strong> Donnerstag, 17. M\u00e4rz, um 19.30 Uhr<\/strong> im <strong>Sch\u00fctzenhaus Winden<\/strong>. Auf der Tagesordnung stehen unter anderem Berichte des Vorstandes und Neuwahlen. \u00dcber Antr\u00e4ge kann die Versammlung nur dann beschlie\u00dfen, wenn der Antrag mindestens drei Tage vor der Mitgliederversammlung schriftlich beim gesch\u00e4ftsf\u00fchrenden Vorstand eingegangen ist. Der Vorstand bittet um rege Beteiligung<\/p>\n","protected":false},"excerpt":{"rendered":"<p>Die Sch\u00fctzengesellschaft 1960 Winden hat ihre Jahreshauptversammlung am Donnerstag, 17. M\u00e4rz, um 19.30 Uhr im Sch\u00fctzenhaus Winden. Auf der Tagesordnung stehen unter anderem Berichte des Vorstandes und Neuwahlen. \u00dcber Antr\u00e4ge kann die Versammlung nur dann beschlie\u00dfen, wenn der Antrag mindestens drei Tage vor der Mitgliederversammlung schriftlich beim gesch\u00e4ftsf\u00fchrenden Vorstand eingegangen ist. Der Vorstand bittet um [&hellip;]<\/p>\n","protected":false},"author":1,"featured_media":0,"comment_status":"open","ping_status":"open","sticky":false,"template":"","format":"standard","meta":{"footnotes":""},"categories":[20],"tags":[],"class_list":["post-1751","post","type-post","status-publish","format-standard","hentry","category-schutzengesellschaft"],"_links":{"self":[{"href":"https:\/\/www.wir-in-winden.de\/index.php?rest_route=\/wp\/v2\/posts\/1751","targetHints":{"allow":["GET"]}}],"collection":[{"href":"https:\/\/www.wir-in-winden.de\/index.php?rest_route=\/wp\/v2\/posts"}],"about":[{"href":"https:\/\/www.wir-in-winden.de\/index.php?rest_route=\/wp\/v2\/types\/post"}],"author":[{"embeddable":true,"href":"https:\/\/www.wir-in-winden.de\/index.php?rest_route=\/wp\/v2\/users\/1"}],"replies":[{"embeddable":true,"href":"https:\/\/www.wir-in-winden.de\/index.php?rest_route=%2Fwp%2Fv2%2Fcomments&post=1751"}],"version-history":[{"count":1,"href":"https:\/\/www.wir-in-winden.de\/index.php?rest_route=\/wp\/v2\/posts\/1751\/revisions"}],"predecessor-version":[{"id":1752,"href":"https:\/\/www.wir-in-winden.de\/index.php?rest_route=\/wp\/v2\/posts\/1751\/revisions\/1752"}],"wp:attachment":[{"href":"https:\/\/www.wir-in-winden.de\/index.php?rest_route=%2Fwp%2Fv2%2Fmedia&parent=1751"}],"wp:term":[{"taxonomy":"category","embeddable":true,"href":"https:\/\/www.wir-in-winden.de\/index.php?rest_route=%2Fwp%2Fv2%2Fcategories&post=1751"},{"taxonomy":"post_tag","embeddable":true,"href":"https:\/\/www.wir-in-winden.de\/index.php?rest_route=%2Fwp%2Fv2%2Ftags&post=1751"}],"curies":[{"name":"wp","href":"https:\/\/api.w.org\/{rel}","templated":true}]}}