{"id":1678,"date":"2011-02-17T00:22:17","date_gmt":"2011-02-16T23:22:17","guid":{"rendered":"http:\/\/www.wir-in-winden.de\/?p=1678"},"modified":"2011-02-16T21:31:42","modified_gmt":"2011-02-16T20:31:42","slug":"strasenausbau-und-breitband-im-gemeinderat","status":"publish","type":"post","link":"https:\/\/www.wir-in-winden.de\/?p=1678","title":{"rendered":"Stra\u00dfenausbau und Breitband im Gemeinderat"},"content":{"rendered":"<p>Der <strong>Gemeinderat Winden<\/strong> vergibt w\u00e4hrend seiner n\u00e4chsten Sitzung am <strong>Montag, 21. Februar, 19 Uhr,<\/strong> im <strong>Pfarrheim<\/strong> Auftr\u00e4ge f\u00fcr den Stra\u00dfenausbau in der Triftstra\u00dfe, &#8222;Am Alten Wasserhaus,&#8220; f\u00fcr die Verbindung der Triftstra\u00dfe zur K 4 sowie den  Endausbau &#8222;Vor dem Wald&#8220;.<br \/>\nAu\u00dferdem entscheidet der Rat dar\u00fcber, ob sich die Gemeinde grunds\u00e4tzlich bereiterkl\u00e4rt, f\u00fcr eine bessere Breitbandanbindung in Winden zu sorgen und daf\u00fcr, wenn notwendig, auch die erforderlichen Finanzmittel zu investieren. Ein weiteres Thema des Abends ist die von den Mitgliedern der Dorfwerkstatt und des Planungsb\u00fcro empfohlene Projektuntersuchung durch das Dienstleistungszentrums L\u00e4ndlicher Raum (DLR). Schlie\u00dflich haben die Ratsmitglieder die M\u00f6glichkeit, Anfragen zu stellen; Ortsb\u00fcrgermeister wird \u00fcber \u00f6rtliche Angelgenheiten informieren. Im nicht \u00f6ffentlichen Teil der Sitzung geht es um Grundst\u00fccksangelegenheiten und Antr\u00e4ge.<\/p>\n","protected":false},"excerpt":{"rendered":"<p>Der Gemeinderat Winden vergibt w\u00e4hrend seiner n\u00e4chsten Sitzung am Montag, 21. Februar, 19 Uhr, im Pfarrheim Auftr\u00e4ge f\u00fcr den Stra\u00dfenausbau in der Triftstra\u00dfe, &#8222;Am Alten Wasserhaus,&#8220; f\u00fcr die Verbindung der Triftstra\u00dfe zur K 4 sowie den Endausbau &#8222;Vor dem Wald&#8220;. Au\u00dferdem entscheidet der Rat dar\u00fcber, ob sich die Gemeinde grunds\u00e4tzlich bereiterkl\u00e4rt, f\u00fcr eine bessere Breitbandanbindung [&hellip;]<\/p>\n","protected":false},"author":1,"featured_media":0,"comment_status":"open","ping_status":"open","sticky":false,"template":"","format":"standard","meta":{"footnotes":""},"categories":[5],"tags":[],"class_list":["post-1678","post","type-post","status-publish","format-standard","hentry","category-gemeinderat"],"_links":{"self":[{"href":"https:\/\/www.wir-in-winden.de\/index.php?rest_route=\/wp\/v2\/posts\/1678","targetHints":{"allow":["GET"]}}],"collection":[{"href":"https:\/\/www.wir-in-winden.de\/index.php?rest_route=\/wp\/v2\/posts"}],"about":[{"href":"https:\/\/www.wir-in-winden.de\/index.php?rest_route=\/wp\/v2\/types\/post"}],"author":[{"embeddable":true,"href":"https:\/\/www.wir-in-winden.de\/index.php?rest_route=\/wp\/v2\/users\/1"}],"replies":[{"embeddable":true,"href":"https:\/\/www.wir-in-winden.de\/index.php?rest_route=%2Fwp%2Fv2%2Fcomments&post=1678"}],"version-history":[{"count":1,"href":"https:\/\/www.wir-in-winden.de\/index.php?rest_route=\/wp\/v2\/posts\/1678\/revisions"}],"predecessor-version":[{"id":1679,"href":"https:\/\/www.wir-in-winden.de\/index.php?rest_route=\/wp\/v2\/posts\/1678\/revisions\/1679"}],"wp:attachment":[{"href":"https:\/\/www.wir-in-winden.de\/index.php?rest_route=%2Fwp%2Fv2%2Fmedia&parent=1678"}],"wp:term":[{"taxonomy":"category","embeddable":true,"href":"https:\/\/www.wir-in-winden.de\/index.php?rest_route=%2Fwp%2Fv2%2Fcategories&post=1678"},{"taxonomy":"post_tag","embeddable":true,"href":"https:\/\/www.wir-in-winden.de\/index.php?rest_route=%2Fwp%2Fv2%2Ftags&post=1678"}],"curies":[{"name":"wp","href":"https:\/\/api.w.org\/{rel}","templated":true}]}}