{"id":1438,"date":"2010-12-20T07:05:39","date_gmt":"2010-12-20T06:05:39","guid":{"rendered":"http:\/\/www.wir-in-winden.de\/?p=1438"},"modified":"2010-12-20T07:05:39","modified_gmt":"2010-12-20T06:05:39","slug":"winden-steht-finanziell-auf-gesunden-fusen","status":"publish","type":"post","link":"https:\/\/www.wir-in-winden.de\/?p=1438","title":{"rendered":"Winden steht finanziell auf gesunden F\u00fc\u00dfen"},"content":{"rendered":"<p>Die finanzielle Situation der <strong>Ortsgemeinde Winden<\/strong> hat sich im laufenden Jahr trotz weltweiter Wirtschaftskrise erfreulich entwickelt. Dies geht aus einer vorl\u00e4ufigen Bilanz hervor, die <strong>Ortsb\u00fcrgermeister Gebhard Linscheid<\/strong> bei der Finanzverwaltung in Nassau angefordert hat. Demnach betr\u00e4gt der \u00dcberschuss im Finanzhaushalt 119.256 Euro &#8212; fast 112.000 Euro mehr als zu Beginn dieses Jahres erwartet. Ursache dieser Entwicklung seien gute Einnahmen aus der Gewerbesteuer und dem Forsbereich, teilte die Verwaltung mit.<!--more--><\/p>\n<p>Hervorragend ist das Verh\u00e4ltnis zwischen Soll und Haben: W\u00e4hrend die Ortsgemeinde mit rund 65.200 Euro verschuldet ist, besitzt sie ein Guthaben von knapp 212.700 Euro. Die Darlehen laufen mit Teilbetr\u00e4gen in den Jahren 2019, 2029 und 2034 aus. Erfreut \u00fcber den kurzen Zwischenbericht aus der K\u00e4mmerei zeigte sich Ortsb\u00fcrgermeister Gebhard Linscheid, der sich zugleich in Bescheidenheit \u00fcbte, was seinen pers\u00f6nlichen Anteil an diesen Zahlen angeht. Er sei froh dar\u00fcber, dass sich der Gemeinderat vor Jahren f\u00fcr einen Waldtausch mit dem Staat entschieden habe. Der damalige <strong>Ortsb\u00fcrgermeister Manfred Linscheid<\/strong> und der Gemeinderat h\u00e4tten seinerzeit vorrausschauend gehandelt und damit jetzt die Sanierung der Gemeindefinanzen erm\u00f6glicht. &#8222;Gl\u00fcck haben wir nat\u00fcrlich auch, dass der Fichtenholzpreis sehr gut steht,  und die Fichte l\u00e4uft. Die Nachhaltigkeit ist ein wichtiges Augenmerk und dem wurde im Forsthaushalt auch Rechnung getragen&#8220;, sagte Linscheid.<\/p>\n","protected":false},"excerpt":{"rendered":"<p>Die finanzielle Situation der Ortsgemeinde Winden hat sich im laufenden Jahr trotz weltweiter Wirtschaftskrise erfreulich entwickelt. Dies geht aus einer vorl\u00e4ufigen Bilanz hervor, die Ortsb\u00fcrgermeister Gebhard Linscheid bei der Finanzverwaltung in Nassau angefordert hat. Demnach betr\u00e4gt der \u00dcberschuss im Finanzhaushalt 119.256 Euro &#8212; fast 112.000 Euro mehr als zu Beginn dieses Jahres erwartet. Ursache dieser [&hellip;]<\/p>\n","protected":false},"author":1,"featured_media":0,"comment_status":"open","ping_status":"open","sticky":false,"template":"","format":"standard","meta":{"footnotes":""},"categories":[16],"tags":[],"class_list":["post-1438","post","type-post","status-publish","format-standard","hentry","category-finanzen"],"_links":{"self":[{"href":"https:\/\/www.wir-in-winden.de\/index.php?rest_route=\/wp\/v2\/posts\/1438","targetHints":{"allow":["GET"]}}],"collection":[{"href":"https:\/\/www.wir-in-winden.de\/index.php?rest_route=\/wp\/v2\/posts"}],"about":[{"href":"https:\/\/www.wir-in-winden.de\/index.php?rest_route=\/wp\/v2\/types\/post"}],"author":[{"embeddable":true,"href":"https:\/\/www.wir-in-winden.de\/index.php?rest_route=\/wp\/v2\/users\/1"}],"replies":[{"embeddable":true,"href":"https:\/\/www.wir-in-winden.de\/index.php?rest_route=%2Fwp%2Fv2%2Fcomments&post=1438"}],"version-history":[{"count":1,"href":"https:\/\/www.wir-in-winden.de\/index.php?rest_route=\/wp\/v2\/posts\/1438\/revisions"}],"predecessor-version":[{"id":1439,"href":"https:\/\/www.wir-in-winden.de\/index.php?rest_route=\/wp\/v2\/posts\/1438\/revisions\/1439"}],"wp:attachment":[{"href":"https:\/\/www.wir-in-winden.de\/index.php?rest_route=%2Fwp%2Fv2%2Fmedia&parent=1438"}],"wp:term":[{"taxonomy":"category","embeddable":true,"href":"https:\/\/www.wir-in-winden.de\/index.php?rest_route=%2Fwp%2Fv2%2Fcategories&post=1438"},{"taxonomy":"post_tag","embeddable":true,"href":"https:\/\/www.wir-in-winden.de\/index.php?rest_route=%2Fwp%2Fv2%2Ftags&post=1438"}],"curies":[{"name":"wp","href":"https:\/\/api.w.org\/{rel}","templated":true}]}}