{"id":1432,"date":"2010-12-18T12:26:46","date_gmt":"2010-12-18T11:26:46","guid":{"rendered":"http:\/\/www.wir-in-winden.de\/?p=1432"},"modified":"2010-12-18T12:27:48","modified_gmt":"2010-12-18T11:27:48","slug":"grillhutte-und-burgerhaus-auch-vereine-mussen-nun-zahlen","status":"publish","type":"post","link":"https:\/\/www.wir-in-winden.de\/?p=1432","title":{"rendered":"Grillh\u00fctte und B\u00fcrgerhaus: Auch Vereine m\u00fcssen nun zahlen"},"content":{"rendered":"<p>Die Benutzung der<strong> Windener Grillh\u00fctte <\/strong>ist f\u00fcr die ortsans\u00e4ssigen Verein nicht mehr wie bisher kostenlos. Dies hat der<strong> Gemeinderat <\/strong>in j\u00fcngster Sitzung einstimmig beschlossen. Nach der neuen Geb\u00fchrensatzung zahlen die Vereine k\u00fcnftig 20 Euro plus Nebenkosten pro Tag. Bisher musste sie lediglich 20 Euro pauschal f\u00fcr die Nebenkosten zahlen. Auch die \u00fcbrigen S\u00e4tze wurden erh\u00f6ht. Gewerbliche Nutzer zahlen 80 statt bisher 68 Euro, nicht gewerbliche Nutzer m\u00fcssen 40 (bisher 37) Euro pro Tag bezahlen. Die Kaution wurde auf 60 Euro festgelegt. Mit nicht ortans\u00e4ssigen Personen oder Vereinen wird eine gesonderte Vereinbarung getroffen.<br \/>\nAuch die Benutzung des<strong> B\u00fcrgerhauses<\/strong> ist f\u00fcr die Vereine nicht mehr kostenfrei.<!--more--> Sie zahlen &#8212; so wie alle anderen Benutzer auch &#8212; 80 Euro t\u00e4glich plus Nebenkosten. Vorteil f\u00fcr die Vereine: Sie k\u00f6nnen sich ihren Getr\u00e4nkelieferanten  k\u00fcnftig frei w\u00e4hlen und sind nicht mehr an einen festen H\u00e4ndler  gebunden. Die Nutzung des B\u00fcrgerhauses f\u00fcr Trauerfeiern wurde ebenfalls erh\u00f6ht: Von 35 auf 40 Euro f\u00fcr private, von 70 auf 80 Euro f\u00fcr gewerblich durchgef\u00fchrte Trauerfeiern. Die 50-Prozent-Erm\u00e4\u00dfigung f\u00fcr private Feiern wurde gestrichen. Allerdings betrug die bisherige Hallennutzung auch 120 Euro.<br \/>\nGeringf\u00fcgig angehoben hat der Gemeinderat au\u00dferdem die <strong>Friedhofsgeb\u00fchren<\/strong>. Er trug damit einer Forderung der Kreisverwaltung Rechnung, die auf eine \u00dcberpr\u00fcfung gedrungen hatte.<\/p>\n","protected":false},"excerpt":{"rendered":"<p>Die Benutzung der Windener Grillh\u00fctte ist f\u00fcr die ortsans\u00e4ssigen Verein nicht mehr wie bisher kostenlos. Dies hat der Gemeinderat in j\u00fcngster Sitzung einstimmig beschlossen. Nach der neuen Geb\u00fchrensatzung zahlen die Vereine k\u00fcnftig 20 Euro plus Nebenkosten pro Tag. Bisher musste sie lediglich 20 Euro pauschal f\u00fcr die Nebenkosten zahlen. Auch die \u00fcbrigen S\u00e4tze wurden erh\u00f6ht. [&hellip;]<\/p>\n","protected":false},"author":1,"featured_media":0,"comment_status":"open","ping_status":"open","sticky":false,"template":"","format":"standard","meta":{"footnotes":""},"categories":[16,5],"tags":[],"class_list":["post-1432","post","type-post","status-publish","format-standard","hentry","category-finanzen","category-gemeinderat"],"_links":{"self":[{"href":"https:\/\/www.wir-in-winden.de\/index.php?rest_route=\/wp\/v2\/posts\/1432","targetHints":{"allow":["GET"]}}],"collection":[{"href":"https:\/\/www.wir-in-winden.de\/index.php?rest_route=\/wp\/v2\/posts"}],"about":[{"href":"https:\/\/www.wir-in-winden.de\/index.php?rest_route=\/wp\/v2\/types\/post"}],"author":[{"embeddable":true,"href":"https:\/\/www.wir-in-winden.de\/index.php?rest_route=\/wp\/v2\/users\/1"}],"replies":[{"embeddable":true,"href":"https:\/\/www.wir-in-winden.de\/index.php?rest_route=%2Fwp%2Fv2%2Fcomments&post=1432"}],"version-history":[{"count":3,"href":"https:\/\/www.wir-in-winden.de\/index.php?rest_route=\/wp\/v2\/posts\/1432\/revisions"}],"predecessor-version":[{"id":1435,"href":"https:\/\/www.wir-in-winden.de\/index.php?rest_route=\/wp\/v2\/posts\/1432\/revisions\/1435"}],"wp:attachment":[{"href":"https:\/\/www.wir-in-winden.de\/index.php?rest_route=%2Fwp%2Fv2%2Fmedia&parent=1432"}],"wp:term":[{"taxonomy":"category","embeddable":true,"href":"https:\/\/www.wir-in-winden.de\/index.php?rest_route=%2Fwp%2Fv2%2Fcategories&post=1432"},{"taxonomy":"post_tag","embeddable":true,"href":"https:\/\/www.wir-in-winden.de\/index.php?rest_route=%2Fwp%2Fv2%2Ftags&post=1432"}],"curies":[{"name":"wp","href":"https:\/\/api.w.org\/{rel}","templated":true}]}}