{"id":13079,"date":"2026-09-02T19:31:06","date_gmt":"2026-09-02T17:31:06","guid":{"rendered":"https:\/\/www.wir-in-winden.de\/?p=13079"},"modified":"2026-09-02T19:32:05","modified_gmt":"2026-09-02T17:32:05","slug":"die-windener-flurkreuze-erstrahlen-in-neuem-glanz","status":"publish","type":"post","link":"https:\/\/www.wir-in-winden.de\/?p=13079","title":{"rendered":"Die Windener Flurkreuze erstrahlen in neuem Glanz"},"content":{"rendered":"\n<figure class=\"wp-block-image size-full\"><img loading=\"lazy\" decoding=\"async\" width=\"500\" height=\"700\" src=\"https:\/\/www.wir-in-winden.de\/wp-content\/uploads\/2026\/09\/Sanierer.jpg\" alt=\"\" class=\"wp-image-13081\" srcset=\"https:\/\/www.wir-in-winden.de\/wp-content\/uploads\/2026\/09\/Sanierer.jpg 500w, https:\/\/www.wir-in-winden.de\/wp-content\/uploads\/2026\/09\/Sanierer-214x300.jpg 214w\" sizes=\"auto, (max-width: 500px) 100vw, 500px\" \/><figcaption class=\"wp-element-caption\"><em>Gerald Eschenauer (rechts) dankte Raimund Wydra f\u00fcr seine ehrenamtliche Arbeit. Foto: Heinz-J\u00fcrgen Schl\u00f6sser<\/em><\/figcaption><\/figure>\n\n\n\n<p>Dem aufmerksamen Spazierg\u00e4nger wird es wohl schon aufgefallen sein: Die vier im Au\u00dfenbereich von Winden befindlichen Flurkreuze, welche lange Jahre aus christlicher Tradition zum Ziel der Bittprozessionen vor Christi Himmelfahrt dienten, erstrahlen in neuem Glanz. Wind und Wetter hatten sowohl den Kreuzbalken als auch dem sich daran befindlichen Korpus stark zugesetzt. <\/p>\n\n\n\n<p>Nachdem ein Flurkreuz bereits auf Privatinitiative instandgesetzt wurde, beschloss der Ortsausschuss, auch die drei anderen&nbsp;Kreuze sanieren zu lassen. Nach Kontaktaufnahme mit dem Windener B\u00fcrger <strong>Raimund Wydra<\/strong> erkl\u00e4rte sich dieser bereit, diese Aufgabe zu \u00fcbernehmen. In m\u00fchevoller Kleinarbeit hat er nunmehr die Flurkreuze gereinigt und mit einem neuen, wetterfesten Anstrich versehen, sodass diese in den n\u00e4chsten Jahren wieder allen Witterungseinfl\u00fcssen standhalten k\u00f6nnen. Bleibt noch zu erw\u00e4hnen, das Raimund Wydra die Arbeiten ehrenamtlich durchgef\u00fchrt hat und lediglich Materialkosten angefallen sind, welche aus Mitteln des Ortsausschusses beglichen wurden. <\/p>\n\n\n\n<p>Der Vorsitzende <strong>Gerald Eschenauer<\/strong> bedankte sich im Namen von St. Willibrord bei Raimund Wydra f\u00fcr dessen Arbeit und schloss in diesen Dank auch B\u00fcrgermeister<strong> Gebhard Linscheid<\/strong> f\u00fcr die Ortsgemeinde mit ein.&nbsp;&nbsp;<\/p>\n\n\n\n<figure class=\"wp-block-image size-full\"><img loading=\"lazy\" decoding=\"async\" width=\"500\" height=\"532\" src=\"https:\/\/www.wir-in-winden.de\/wp-content\/uploads\/2026\/09\/Wegkreuze.jpg\" alt=\"\" class=\"wp-image-13082\" srcset=\"https:\/\/www.wir-in-winden.de\/wp-content\/uploads\/2026\/09\/Wegkreuze.jpg 500w, https:\/\/www.wir-in-winden.de\/wp-content\/uploads\/2026\/09\/Wegkreuze-282x300.jpg 282w\" sizes=\"auto, (max-width: 500px) 100vw, 500px\" \/><figcaption class=\"wp-element-caption\"><em>Frisch saniert wurden alle vier Windener Flurkreuze. Foto: Schl\u00f6sser<\/em><\/figcaption><\/figure>\n","protected":false},"excerpt":{"rendered":"<p>Dem aufmerksamen Spazierg\u00e4nger wird es wohl schon aufgefallen sein: Die vier im Au\u00dfenbereich von Winden befindlichen Flurkreuze, welche lange Jahre aus christlicher Tradition zum Ziel der Bittprozessionen vor Christi Himmelfahrt dienten, erstrahlen in neuem Glanz. Wind und Wetter hatten sowohl den Kreuzbalken als auch dem sich daran befindlichen Korpus stark zugesetzt. Nachdem ein Flurkreuz bereits [&hellip;]<\/p>\n","protected":false},"author":1,"featured_media":0,"comment_status":"open","ping_status":"open","sticky":false,"template":"","format":"standard","meta":{"footnotes":""},"categories":[31],"tags":[],"class_list":["post-13079","post","type-post","status-publish","format-standard","hentry","category-katholische-kirchengemeinde"],"_links":{"self":[{"href":"https:\/\/www.wir-in-winden.de\/index.php?rest_route=\/wp\/v2\/posts\/13079","targetHints":{"allow":["GET"]}}],"collection":[{"href":"https:\/\/www.wir-in-winden.de\/index.php?rest_route=\/wp\/v2\/posts"}],"about":[{"href":"https:\/\/www.wir-in-winden.de\/index.php?rest_route=\/wp\/v2\/types\/post"}],"author":[{"embeddable":true,"href":"https:\/\/www.wir-in-winden.de\/index.php?rest_route=\/wp\/v2\/users\/1"}],"replies":[{"embeddable":true,"href":"https:\/\/www.wir-in-winden.de\/index.php?rest_route=%2Fwp%2Fv2%2Fcomments&post=13079"}],"version-history":[{"count":3,"href":"https:\/\/www.wir-in-winden.de\/index.php?rest_route=\/wp\/v2\/posts\/13079\/revisions"}],"predecessor-version":[{"id":13084,"href":"https:\/\/www.wir-in-winden.de\/index.php?rest_route=\/wp\/v2\/posts\/13079\/revisions\/13084"}],"wp:attachment":[{"href":"https:\/\/www.wir-in-winden.de\/index.php?rest_route=%2Fwp%2Fv2%2Fmedia&parent=13079"}],"wp:term":[{"taxonomy":"category","embeddable":true,"href":"https:\/\/www.wir-in-winden.de\/index.php?rest_route=%2Fwp%2Fv2%2Fcategories&post=13079"},{"taxonomy":"post_tag","embeddable":true,"href":"https:\/\/www.wir-in-winden.de\/index.php?rest_route=%2Fwp%2Fv2%2Ftags&post=13079"}],"curies":[{"name":"wp","href":"https:\/\/api.w.org\/{rel}","templated":true}]}}