{"id":1299,"date":"2010-11-25T07:43:37","date_gmt":"2010-11-25T06:43:37","guid":{"rendered":"http:\/\/www.wir-in-winden.de\/?p=1299"},"modified":"2010-11-25T07:43:46","modified_gmt":"2010-11-25T06:43:46","slug":"gemeinde-denkt-uber-funk-dsl-nach","status":"publish","type":"post","link":"https:\/\/www.wir-in-winden.de\/?p=1299","title":{"rendered":"Gemeinde denkt \u00fcber Funk-DSL nach"},"content":{"rendered":"<p>Noch vor Weihnachten will ein Anbieter von Funk-DSL in Winden \u00fcber m\u00f6glichen Verbesserungen von schnellen Internetanschl\u00fcssen informieren. Derzeit baut das Unternehmen in Seelbach ein Funk-DSL-Netz mit Hlfe von drei Sendemasten auf, berichtete<strong> Martin Linscheid<\/strong> in der j\u00fcngsten Sitzung des Gemeinderats. Voraussetzung f\u00fcr das Funktionieren von Funk-DSL sei, dass Sichtkontakt zwischen Sender und Empf\u00e4nger besteht. Das Telefonieren \u00fcber Internet (VoIP) habe den Nachteil, dass es Qualit\u00e4tseinbu\u00dfen in der Sprach\u00fcbermittlung gibt. Schon jetzt sei klar, dass jede L\u00f6sung zur Verbesserung von Internetanschl\u00fcssen im Ort ohne Investitionszuschuss der Ortsgemeinde nicht m\u00f6glich ist.<\/p>\n","protected":false},"excerpt":{"rendered":"<p>Noch vor Weihnachten will ein Anbieter von Funk-DSL in Winden \u00fcber m\u00f6glichen Verbesserungen von schnellen Internetanschl\u00fcssen informieren. Derzeit baut das Unternehmen in Seelbach ein Funk-DSL-Netz mit Hlfe von drei Sendemasten auf, berichtete Martin Linscheid in der j\u00fcngsten Sitzung des Gemeinderats. Voraussetzung f\u00fcr das Funktionieren von Funk-DSL sei, dass Sichtkontakt zwischen Sender und Empf\u00e4nger besteht. Das [&hellip;]<\/p>\n","protected":false},"author":1,"featured_media":0,"comment_status":"open","ping_status":"open","sticky":false,"template":"","format":"standard","meta":{"footnotes":""},"categories":[7,5],"tags":[],"class_list":["post-1299","post","type-post","status-publish","format-standard","hentry","category-allgemein","category-gemeinderat"],"_links":{"self":[{"href":"https:\/\/www.wir-in-winden.de\/index.php?rest_route=\/wp\/v2\/posts\/1299","targetHints":{"allow":["GET"]}}],"collection":[{"href":"https:\/\/www.wir-in-winden.de\/index.php?rest_route=\/wp\/v2\/posts"}],"about":[{"href":"https:\/\/www.wir-in-winden.de\/index.php?rest_route=\/wp\/v2\/types\/post"}],"author":[{"embeddable":true,"href":"https:\/\/www.wir-in-winden.de\/index.php?rest_route=\/wp\/v2\/users\/1"}],"replies":[{"embeddable":true,"href":"https:\/\/www.wir-in-winden.de\/index.php?rest_route=%2Fwp%2Fv2%2Fcomments&post=1299"}],"version-history":[{"count":2,"href":"https:\/\/www.wir-in-winden.de\/index.php?rest_route=\/wp\/v2\/posts\/1299\/revisions"}],"predecessor-version":[{"id":1301,"href":"https:\/\/www.wir-in-winden.de\/index.php?rest_route=\/wp\/v2\/posts\/1299\/revisions\/1301"}],"wp:attachment":[{"href":"https:\/\/www.wir-in-winden.de\/index.php?rest_route=%2Fwp%2Fv2%2Fmedia&parent=1299"}],"wp:term":[{"taxonomy":"category","embeddable":true,"href":"https:\/\/www.wir-in-winden.de\/index.php?rest_route=%2Fwp%2Fv2%2Fcategories&post=1299"},{"taxonomy":"post_tag","embeddable":true,"href":"https:\/\/www.wir-in-winden.de\/index.php?rest_route=%2Fwp%2Fv2%2Ftags&post=1299"}],"curies":[{"name":"wp","href":"https:\/\/api.w.org\/{rel}","templated":true}]}}