{"id":12881,"date":"2026-04-29T19:42:05","date_gmt":"2026-04-29T17:42:05","guid":{"rendered":"https:\/\/www.wir-in-winden.de\/?p=12881"},"modified":"2026-04-29T19:42:05","modified_gmt":"2026-04-29T17:42:05","slug":"wie-dance-fusion-zum-senkrechtstarter-wurde","status":"publish","type":"post","link":"https:\/\/www.wir-in-winden.de\/?p=12881","title":{"rendered":"Wie &#8222;Dance Fusion&#8220; zum Senkrechtstarter wurde"},"content":{"rendered":"\n<figure class=\"wp-block-image size-full\"><img loading=\"lazy\" decoding=\"async\" width=\"500\" height=\"284\" src=\"https:\/\/www.wir-in-winden.de\/wp-content\/uploads\/2026\/04\/DanceFusion2.jpg\" alt=\"\" class=\"wp-image-12882\" srcset=\"https:\/\/www.wir-in-winden.de\/wp-content\/uploads\/2026\/04\/DanceFusion2.jpg 500w, https:\/\/www.wir-in-winden.de\/wp-content\/uploads\/2026\/04\/DanceFusion2-300x170.jpg 300w\" sizes=\"auto, (max-width: 500px) 100vw, 500px\" \/><\/figure>\n\n\n\n<p>Mit einem derartigen Erfolg h\u00e4tten <strong>Zoe Dennebaum, Sophie Diel und Leonie Klein<\/strong> wohl kaum gerechnet, als sie vor knapp einem Jahr die Idee entwickelten, in ihrem Heimatverein <strong>TSC Winden<\/strong> eine neue Erwachsenen-Showtanzgruppe ins Leben zu rufen. Die drei T\u00e4nzerinnen, die bereits seit ihrer Kindheit gemeinsam tanzen und inzwischen auch Erfahrungen in anderen Vereinen sammeln konnten, trafen mit ihrem Vorhaben offenbar genau den Nerv der Zeit.<\/p>\n\n\n\n<p>Schon nach dem ersten Probetraining war klar: Das Interesse ist gro\u00df. Insgesamt 24 T\u00e4nzerinnen schlossen sich der neuen Formation an. Es folgte eine intensive Trainingsphase, in der die Gruppe ihre Show zum Thema \u201eDer gestiefelte Kater\u201c einstudierte. Dabei entwickelte sich schnell ein au\u00dfergew\u00f6hnlicher Teamgeist, der die Grundlage f\u00fcr den sp\u00e4teren Erfolg bildete.<\/p>\n\n\n\n<figure class=\"wp-block-image size-full\"><img loading=\"lazy\" decoding=\"async\" width=\"500\" height=\"449\" src=\"https:\/\/www.wir-in-winden.de\/wp-content\/uploads\/2026\/04\/DanceFusion1.jpg\" alt=\"\" class=\"wp-image-12883\" srcset=\"https:\/\/www.wir-in-winden.de\/wp-content\/uploads\/2026\/04\/DanceFusion1.jpg 500w, https:\/\/www.wir-in-winden.de\/wp-content\/uploads\/2026\/04\/DanceFusion1-300x269.jpg 300w\" sizes=\"auto, (max-width: 500px) 100vw, 500px\" \/><\/figure>\n\n\n\n<p>Bereits bei der Premiere auf den Kappensitzungen in Winden wurde deutlich, welches Potenzial in der Gruppe steckt. Das Publikum zeigte sich begeistert von der kreativen Umsetzung, der energiegeladenen Choreografie und der Ausstrahlung der T\u00e4nzerinnen.<\/p>\n\n\n\n<p>Der Erfolg setzte sich auch auf Turnierb\u00fchnen fort. Beim ersten Showtanzturnier in Herschbach gelang der Gruppe ein beeindruckendes Deb\u00fct: Mit aufwendigen Kost\u00fcmen, einer mitrei\u00dfenden Darbietung und gro\u00dfer B\u00fchnenpr\u00e4senz tanzten sie sich direkt auf den ersten Platz.<\/p>\n\n\n\n<p>In den folgenden Monaten best\u00e4tigte <strong>\u201eDance Fusion\u201c <\/strong>ihre starke Form eindrucksvoll. Bei insgesamt acht hochkar\u00e4tig besetzten Turnieren \u2013 vor allem im Westerwald \u2013 \u00fcberzeugte die Gruppe immer wieder Jury und Publikum. Die Bilanz der Saison kann sich sehen lassen: sieben Podestpl\u00e4tze, darunter viermal Gold, zweimal Silber und einmal Bronze, sowie ein sechster Platz.<\/p>\n\n\n\n<p>Den kr\u00f6nenden Abschluss der Saison bildete erneut ein Auftritt in Herschbach beim Showtanzturnier der TG Moonlight. Vor zahlreichen mitgereisten Freunden und Familienmitgliedern nahm sich die Gruppe vor, den Moment einfach zu genie\u00dfen \u2013 und lieferte noch einmal eine herausragende Leistung ab. Mit viel Energie und emotionaler Intensit\u00e4t verabschiedeten sich die T\u00e4nzerinnen von ihrer Show \u201eDer gestiefelte Kater\u201c und sicherten sich zum vierten Mal den ersten Platz.<\/p>\n\n\n\n<p>Nun richtet sich der Blick bereits in die Zukunft: F\u00fcr das Jahr 2027 plant \u201eDance Fusion\u201c mit einer erweiterten Formation von 33 T\u00e4nzerinnen und einem T\u00e4nzer eine neue Show \u2013 und m\u00f6chte damit erneut das Publikum begeistern.<\/p>\n\n\n\n<figure class=\"wp-block-image size-full\"><img loading=\"lazy\" decoding=\"async\" width=\"500\" height=\"211\" src=\"https:\/\/www.wir-in-winden.de\/wp-content\/uploads\/2026\/04\/DanceFusion3.jpg\" alt=\"\" class=\"wp-image-12884\" srcset=\"https:\/\/www.wir-in-winden.de\/wp-content\/uploads\/2026\/04\/DanceFusion3.jpg 500w, https:\/\/www.wir-in-winden.de\/wp-content\/uploads\/2026\/04\/DanceFusion3-300x127.jpg 300w\" sizes=\"auto, (max-width: 500px) 100vw, 500px\" \/><\/figure>\n","protected":false},"excerpt":{"rendered":"<p>Mit einem derartigen Erfolg h\u00e4tten Zoe Dennebaum, Sophie Diel und Leonie Klein wohl kaum gerechnet, als sie vor knapp einem Jahr die Idee entwickelten, in ihrem Heimatverein TSC Winden eine neue Erwachsenen-Showtanzgruppe ins Leben zu rufen. Die drei T\u00e4nzerinnen, die bereits seit ihrer Kindheit gemeinsam tanzen und inzwischen auch Erfahrungen in anderen Vereinen sammeln konnten, [&hellip;]<\/p>\n","protected":false},"author":1,"featured_media":0,"comment_status":"open","ping_status":"open","sticky":false,"template":"","format":"standard","meta":{"footnotes":""},"categories":[46,18],"tags":[],"class_list":["post-12881","post","type-post","status-publish","format-standard","hentry","category-tsc","category-vfr-winden"],"_links":{"self":[{"href":"https:\/\/www.wir-in-winden.de\/index.php?rest_route=\/wp\/v2\/posts\/12881","targetHints":{"allow":["GET"]}}],"collection":[{"href":"https:\/\/www.wir-in-winden.de\/index.php?rest_route=\/wp\/v2\/posts"}],"about":[{"href":"https:\/\/www.wir-in-winden.de\/index.php?rest_route=\/wp\/v2\/types\/post"}],"author":[{"embeddable":true,"href":"https:\/\/www.wir-in-winden.de\/index.php?rest_route=\/wp\/v2\/users\/1"}],"replies":[{"embeddable":true,"href":"https:\/\/www.wir-in-winden.de\/index.php?rest_route=%2Fwp%2Fv2%2Fcomments&post=12881"}],"version-history":[{"count":1,"href":"https:\/\/www.wir-in-winden.de\/index.php?rest_route=\/wp\/v2\/posts\/12881\/revisions"}],"predecessor-version":[{"id":12885,"href":"https:\/\/www.wir-in-winden.de\/index.php?rest_route=\/wp\/v2\/posts\/12881\/revisions\/12885"}],"wp:attachment":[{"href":"https:\/\/www.wir-in-winden.de\/index.php?rest_route=%2Fwp%2Fv2%2Fmedia&parent=12881"}],"wp:term":[{"taxonomy":"category","embeddable":true,"href":"https:\/\/www.wir-in-winden.de\/index.php?rest_route=%2Fwp%2Fv2%2Fcategories&post=12881"},{"taxonomy":"post_tag","embeddable":true,"href":"https:\/\/www.wir-in-winden.de\/index.php?rest_route=%2Fwp%2Fv2%2Ftags&post=12881"}],"curies":[{"name":"wp","href":"https:\/\/api.w.org\/{rel}","templated":true}]}}