{"id":12878,"date":"2026-04-29T19:30:35","date_gmt":"2026-04-29T17:30:35","guid":{"rendered":"https:\/\/www.wir-in-winden.de\/?p=12878"},"modified":"2026-04-29T19:30:35","modified_gmt":"2026-04-29T17:30:35","slug":"muell-an-glascontainern-ist-ein-aergernis","status":"publish","type":"post","link":"https:\/\/www.wir-in-winden.de\/?p=12878","title":{"rendered":"M\u00fcll an Glascontainern ist ein \u00c4rgernis"},"content":{"rendered":"\n<figure class=\"wp-block-image size-full\"><img loading=\"lazy\" decoding=\"async\" width=\"500\" height=\"667\" src=\"https:\/\/www.wir-in-winden.de\/wp-content\/uploads\/2026\/04\/92782511-77d9-4d2c-9deb-50d3c5eec4a8_edited.jpg\" alt=\"\" class=\"wp-image-12879\" srcset=\"https:\/\/www.wir-in-winden.de\/wp-content\/uploads\/2026\/04\/92782511-77d9-4d2c-9deb-50d3c5eec4a8_edited.jpg 500w, https:\/\/www.wir-in-winden.de\/wp-content\/uploads\/2026\/04\/92782511-77d9-4d2c-9deb-50d3c5eec4a8_edited-225x300.jpg 225w\" sizes=\"auto, (max-width: 500px) 100vw, 500px\" \/><\/figure>\n\n\n\n<p>Der Bereich rund um die Glascontainer in Winden bereitet zunehmend Probleme. Was eigentlich der ordnungsgem\u00e4\u00dfen Entsorgung von Altglas dienen soll, entwickelt sich immer h\u00e4ufiger zu einem unerlaubten Ablageplatz f\u00fcr verschiedenste Abf\u00e4lle.<\/p>\n\n\n\n<p>Wie<strong> Ortsb\u00fcrgermeister Gebhard Linscheid<\/strong> mitteilt, wurden zuletzt sogar alte Autoreifen neben den Containern abgestellt. Zuvor seien bereits B\u00fccher, Glasscheiben und anderer Sperrm\u00fcll dort entsorgt worden \u2013 alles Dinge, die nicht in oder an die Glascontainer geh\u00f6ren.<\/p>\n\n\n\n<p>\u201eDieses Verhalten ist weder hinnehmbar noch eine Bagatelle\u201c, betont Linscheid. Die wilden Ablagerungen beeintr\u00e4chtigten nicht nur das Ortsbild, sondern verursachten auch zus\u00e4tzliche Kosten f\u00fcr die Allgemeinheit. Zudem widerspreche dieses Verhalten dem Gedanken eines verantwortungsvollen Miteinanders in der Gemeinde.<\/p>\n\n\n\n<p>Die Glascontainer seien ausschlie\u00dflich f\u00fcr Altglas vorgesehen. Andere Abf\u00e4lle m\u00fcssten \u00fcber die daf\u00fcr vorgesehenen Entsorgungswege beseitigt werden. Das Abstellen von M\u00fcll an diesem Standort sei ausdr\u00fccklich verboten. \u201eZuwiderhandlungen stellen eine Ordnungswidrigkeit dar und werden k\u00fcnftig konsequent verfolgt\u201c, so Linscheid. Entsprechende Bu\u00dfgelder k\u00f6nnten verh\u00e4ngt werden.<\/p>\n\n\n\n<p>Sollte sich die Situation nicht verbessern, stellt die Gemeinde auch weitergehende Ma\u00dfnahmen in Aussicht. \u201eIm schlimmsten Fall m\u00fcsste \u00fcber eine Entfernung der Container nachgedacht werden\u201c, erkl\u00e4rt der Ortsb\u00fcrgermeister. Dies w\u00fcrde jedoch auch diejenigen treffen, die die Entsorgungsm\u00f6glichkeit ordnungsgem\u00e4\u00df nutzen.<\/p>\n\n\n\n<p>Die Gemeinde appelliert daher an alle B\u00fcrgerinnen und B\u00fcrger, die Glascontainer ausschlie\u00dflich bestimmungsgem\u00e4\u00df zu verwenden und so zu einem sauberen Ortsbild beizutragen. Nur so k\u00f6nne die Entsorgungsm\u00f6glichkeit langfristig erhalten bleiben.<\/p>\n","protected":false},"excerpt":{"rendered":"<p>Der Bereich rund um die Glascontainer in Winden bereitet zunehmend Probleme. Was eigentlich der ordnungsgem\u00e4\u00dfen Entsorgung von Altglas dienen soll, entwickelt sich immer h\u00e4ufiger zu einem unerlaubten Ablageplatz f\u00fcr verschiedenste Abf\u00e4lle. Wie Ortsb\u00fcrgermeister Gebhard Linscheid mitteilt, wurden zuletzt sogar alte Autoreifen neben den Containern abgestellt. Zuvor seien bereits B\u00fccher, Glasscheiben und anderer Sperrm\u00fcll dort entsorgt [&hellip;]<\/p>\n","protected":false},"author":1,"featured_media":0,"comment_status":"open","ping_status":"open","sticky":false,"template":"","format":"standard","meta":{"footnotes":""},"categories":[7,4],"tags":[],"class_list":["post-12878","post","type-post","status-publish","format-standard","hentry","category-allgemein","category-burgermeister"],"_links":{"self":[{"href":"https:\/\/www.wir-in-winden.de\/index.php?rest_route=\/wp\/v2\/posts\/12878","targetHints":{"allow":["GET"]}}],"collection":[{"href":"https:\/\/www.wir-in-winden.de\/index.php?rest_route=\/wp\/v2\/posts"}],"about":[{"href":"https:\/\/www.wir-in-winden.de\/index.php?rest_route=\/wp\/v2\/types\/post"}],"author":[{"embeddable":true,"href":"https:\/\/www.wir-in-winden.de\/index.php?rest_route=\/wp\/v2\/users\/1"}],"replies":[{"embeddable":true,"href":"https:\/\/www.wir-in-winden.de\/index.php?rest_route=%2Fwp%2Fv2%2Fcomments&post=12878"}],"version-history":[{"count":1,"href":"https:\/\/www.wir-in-winden.de\/index.php?rest_route=\/wp\/v2\/posts\/12878\/revisions"}],"predecessor-version":[{"id":12880,"href":"https:\/\/www.wir-in-winden.de\/index.php?rest_route=\/wp\/v2\/posts\/12878\/revisions\/12880"}],"wp:attachment":[{"href":"https:\/\/www.wir-in-winden.de\/index.php?rest_route=%2Fwp%2Fv2%2Fmedia&parent=12878"}],"wp:term":[{"taxonomy":"category","embeddable":true,"href":"https:\/\/www.wir-in-winden.de\/index.php?rest_route=%2Fwp%2Fv2%2Fcategories&post=12878"},{"taxonomy":"post_tag","embeddable":true,"href":"https:\/\/www.wir-in-winden.de\/index.php?rest_route=%2Fwp%2Fv2%2Ftags&post=12878"}],"curies":[{"name":"wp","href":"https:\/\/api.w.org\/{rel}","templated":true}]}}