{"id":12876,"date":"2026-04-29T19:23:38","date_gmt":"2026-04-29T17:23:38","guid":{"rendered":"https:\/\/www.wir-in-winden.de\/?p=12876"},"modified":"2026-04-29T19:23:38","modified_gmt":"2026-04-29T17:23:38","slug":"neubaugebiet-thema-im-gemeinderat","status":"publish","type":"post","link":"https:\/\/www.wir-in-winden.de\/?p=12876","title":{"rendered":"Neubaugebiet Thema im Gemeinderat"},"content":{"rendered":"\n<p>Am <strong>Mittwoch, 6. Mai 2026,<\/strong> kommt der Gemeinderat der Ortsgemeinde Winden zu seiner 18. \u00f6ffentlichen und nicht\u00f6ffentlichen Sitzung zusammen. Beginn ist um<strong> 18.30 Uhr im Dorfgemeinschaftshaus<\/strong>.<\/p>\n\n\n\n<p>Im \u00f6ffentlichen Teil stehen mehrere kommunalpolitisch relevante Themen auf der Tagesordnung. So befasst sich das Gremium mit der Erschlie\u00dfung des Neubaugebiets \u201eIn der Heck II\u201c. Dabei sollen sowohl die Ausf\u00fchrungsplanung beschlossen als auch die Ausschreibung freigegeben werden. Au\u00dferdem beraten die Ratsmitglieder \u00fcber einen gemeinsamen Antrag zur Gew\u00e4hrung einer Zuwendung im Rahmen der IKZ-Pilotf\u00f6rderung Rheinland-Pfalz f\u00fcr den Betrieb der Orts-App.<\/p>\n\n\n\n<p>Weitere Punkte sind die Zustimmung zur Annahme von Spenden und Sponsoringleistungen sowie verschiedene Infrastrukturma\u00dfnahmen. Diskutiert werden unter anderem der Ausbau der Hahnenstra\u00dfe, die Instandsetzung der Schulstra\u00dfe mit einer geschlossenen Bitumendecke sowie die Sanierung des alten Wasserhauses in der Wasserhausstra\u00dfe.<\/p>\n\n\n\n<p>Zus\u00e4tzlich stehen die Beratung und Beschlussfassung zur Kirmes 2026 sowie Beratungen zur B\u00fcrgermeisterwahl 2026, insbesondere zur Bildung eines Wahlausschusses, auf der Agenda. Ebenfalls vorgesehen sind Anfragen der Ratsmitglieder, Mitteilungen des Ortsb\u00fcrgermeisters sowie eine Einwohnerfragestunde, in der B\u00fcrgerinnen und B\u00fcrger ihre Anliegen vorbringen k\u00f6nnen.<\/p>\n\n\n\n<p>Im anschlie\u00dfenden nicht\u00f6ffentlichen Teil geht es unter anderem um Vertragsangelegenheiten und weitere interne Themen.<\/p>\n","protected":false},"excerpt":{"rendered":"<p>Am Mittwoch, 6. Mai 2026, kommt der Gemeinderat der Ortsgemeinde Winden zu seiner 18. \u00f6ffentlichen und nicht\u00f6ffentlichen Sitzung zusammen. Beginn ist um 18.30 Uhr im Dorfgemeinschaftshaus. Im \u00f6ffentlichen Teil stehen mehrere kommunalpolitisch relevante Themen auf der Tagesordnung. So befasst sich das Gremium mit der Erschlie\u00dfung des Neubaugebiets \u201eIn der Heck II\u201c. Dabei sollen sowohl die [&hellip;]<\/p>\n","protected":false},"author":1,"featured_media":0,"comment_status":"open","ping_status":"open","sticky":false,"template":"","format":"standard","meta":{"footnotes":""},"categories":[5],"tags":[],"class_list":["post-12876","post","type-post","status-publish","format-standard","hentry","category-gemeinderat"],"_links":{"self":[{"href":"https:\/\/www.wir-in-winden.de\/index.php?rest_route=\/wp\/v2\/posts\/12876","targetHints":{"allow":["GET"]}}],"collection":[{"href":"https:\/\/www.wir-in-winden.de\/index.php?rest_route=\/wp\/v2\/posts"}],"about":[{"href":"https:\/\/www.wir-in-winden.de\/index.php?rest_route=\/wp\/v2\/types\/post"}],"author":[{"embeddable":true,"href":"https:\/\/www.wir-in-winden.de\/index.php?rest_route=\/wp\/v2\/users\/1"}],"replies":[{"embeddable":true,"href":"https:\/\/www.wir-in-winden.de\/index.php?rest_route=%2Fwp%2Fv2%2Fcomments&post=12876"}],"version-history":[{"count":1,"href":"https:\/\/www.wir-in-winden.de\/index.php?rest_route=\/wp\/v2\/posts\/12876\/revisions"}],"predecessor-version":[{"id":12877,"href":"https:\/\/www.wir-in-winden.de\/index.php?rest_route=\/wp\/v2\/posts\/12876\/revisions\/12877"}],"wp:attachment":[{"href":"https:\/\/www.wir-in-winden.de\/index.php?rest_route=%2Fwp%2Fv2%2Fmedia&parent=12876"}],"wp:term":[{"taxonomy":"category","embeddable":true,"href":"https:\/\/www.wir-in-winden.de\/index.php?rest_route=%2Fwp%2Fv2%2Fcategories&post=12876"},{"taxonomy":"post_tag","embeddable":true,"href":"https:\/\/www.wir-in-winden.de\/index.php?rest_route=%2Fwp%2Fv2%2Ftags&post=12876"}],"curies":[{"name":"wp","href":"https:\/\/api.w.org\/{rel}","templated":true}]}}