{"id":12861,"date":"2026-04-24T08:01:04","date_gmt":"2026-04-24T06:01:04","guid":{"rendered":"https:\/\/www.wir-in-winden.de\/?p=12861"},"modified":"2026-04-24T08:01:04","modified_gmt":"2026-04-24T06:01:04","slug":"abteilungssitzung-des-tsc-winden","status":"publish","type":"post","link":"https:\/\/www.wir-in-winden.de\/?p=12861","title":{"rendered":"Abteilungssitzung des TSC Winden"},"content":{"rendered":"\n<p>Die n\u00e4chste Abteilungssitzung <strong>TSC Schwarz-Wei\u00df-Winden<\/strong> findet am <strong>Sonntag, 17. Mai, um 19 Uhr<\/strong> im <strong>B\u00fcrgerhaus Winden<\/strong> statt. Auf der Tagesordnung stehen nach der Begr\u00fc\u00dfung durch die Trainerinnen der Tanzgruppen des TSC die Vorstellung der aktuellen Gruppen, die Kl\u00e4rung der Organisation des Vereins und Sonstiges. Die Trainerinnen der Gruppen des TSC laden alle Mitglieder zur ein und hoffen auf rege<br>Beteiligung.<\/p>\n\n\n\n<p><\/p>\n","protected":false},"excerpt":{"rendered":"<p>Die n\u00e4chste Abteilungssitzung TSC Schwarz-Wei\u00df-Winden findet am Sonntag, 17. Mai, um 19 Uhr im B\u00fcrgerhaus Winden statt. Auf der Tagesordnung stehen nach der Begr\u00fc\u00dfung durch die Trainerinnen der Tanzgruppen des TSC die Vorstellung der aktuellen Gruppen, die Kl\u00e4rung der Organisation des Vereins und Sonstiges. Die Trainerinnen der Gruppen des TSC laden alle Mitglieder zur ein [&hellip;]<\/p>\n","protected":false},"author":1,"featured_media":0,"comment_status":"open","ping_status":"open","sticky":false,"template":"","format":"standard","meta":{"footnotes":""},"categories":[46,18],"tags":[],"class_list":["post-12861","post","type-post","status-publish","format-standard","hentry","category-tsc","category-vfr-winden"],"_links":{"self":[{"href":"https:\/\/www.wir-in-winden.de\/index.php?rest_route=\/wp\/v2\/posts\/12861","targetHints":{"allow":["GET"]}}],"collection":[{"href":"https:\/\/www.wir-in-winden.de\/index.php?rest_route=\/wp\/v2\/posts"}],"about":[{"href":"https:\/\/www.wir-in-winden.de\/index.php?rest_route=\/wp\/v2\/types\/post"}],"author":[{"embeddable":true,"href":"https:\/\/www.wir-in-winden.de\/index.php?rest_route=\/wp\/v2\/users\/1"}],"replies":[{"embeddable":true,"href":"https:\/\/www.wir-in-winden.de\/index.php?rest_route=%2Fwp%2Fv2%2Fcomments&post=12861"}],"version-history":[{"count":1,"href":"https:\/\/www.wir-in-winden.de\/index.php?rest_route=\/wp\/v2\/posts\/12861\/revisions"}],"predecessor-version":[{"id":12862,"href":"https:\/\/www.wir-in-winden.de\/index.php?rest_route=\/wp\/v2\/posts\/12861\/revisions\/12862"}],"wp:attachment":[{"href":"https:\/\/www.wir-in-winden.de\/index.php?rest_route=%2Fwp%2Fv2%2Fmedia&parent=12861"}],"wp:term":[{"taxonomy":"category","embeddable":true,"href":"https:\/\/www.wir-in-winden.de\/index.php?rest_route=%2Fwp%2Fv2%2Fcategories&post=12861"},{"taxonomy":"post_tag","embeddable":true,"href":"https:\/\/www.wir-in-winden.de\/index.php?rest_route=%2Fwp%2Fv2%2Ftags&post=12861"}],"curies":[{"name":"wp","href":"https:\/\/api.w.org\/{rel}","templated":true}]}}