{"id":12804,"date":"2026-03-08T11:50:32","date_gmt":"2026-03-08T09:50:32","guid":{"rendered":"https:\/\/www.wir-in-winden.de\/?p=12804"},"modified":"2026-03-08T11:50:32","modified_gmt":"2026-03-08T09:50:32","slug":"dance-fusion-tanzt-aufs-siegertreppchen","status":"publish","type":"post","link":"https:\/\/www.wir-in-winden.de\/?p=12804","title":{"rendered":"Dance Fusion tanzt aufs Siegertreppchen"},"content":{"rendered":"\n<figure class=\"wp-block-image size-full\"><img loading=\"lazy\" decoding=\"async\" width=\"500\" height=\"375\" src=\"https:\/\/www.wir-in-winden.de\/wp-content\/uploads\/2026\/03\/DanceFusion-TSC-Winden-2.jpg\" alt=\"\" class=\"wp-image-12805\" srcset=\"https:\/\/www.wir-in-winden.de\/wp-content\/uploads\/2026\/03\/DanceFusion-TSC-Winden-2.jpg 500w, https:\/\/www.wir-in-winden.de\/wp-content\/uploads\/2026\/03\/DanceFusion-TSC-Winden-2-300x225.jpg 300w\" sizes=\"auto, (max-width: 500px) 100vw, 500px\" \/><\/figure>\n\n\n\n<p>Die Abteilung <strong>Tanzsport des VfR Winden<\/strong> pr\u00e4sentierte stolz ihre neuen Shows auf den\u00a0beiden Kappensitzungen im B\u00fcrgerhaus Winden. Erstmals wieder mit drei Gruppen,\u00a0der Kindergruppe <strong>\u201eLittle Dancer\u201c<\/strong>, der Jugendgruppe<strong> \u201ePower Dancer\u201c <\/strong>und der neu gegr\u00fcndeten\u00a0Seniorengruppe <strong>\u201eDance Fusion\u201c<\/strong>, begeisterten die T\u00e4nzerinnen und T\u00e4nzer mit aufwendigen Kost\u00fcmen und beeindruckenden Choreografien.<\/p>\n\n\n\n<p>Am 21.2.26 begann die Turniersaison der T\u00e4nzerinnen der \u201eDance Fusion\u201c und ihrem Trainerteam <strong>Sophie Diel, Zoe Dennebaum und Leonie Klein <\/strong>mit der Teilnahme am <strong>Tanzfestival des TSG Mittelrhein <\/strong>in Herschbach. In der Kategorie Senioren Damen Anf\u00e4nger pr\u00e4sentierten sie ihre Show \u201eDer gestiefelte Kater\u201c.\u00a0<\/p>\n\n\n\n<p>Was f\u00fcr ein Deb\u00fct.\u00a0 Mit tollen Kost\u00fcmen, einer mitrei\u00dfenden Choreografie und unglaublicher Ausstrahlung tanzte sich die Gruppe direkt in die Herzen der Jury und holte sich beim allerersten Turnier den 1. Platz!\u00a0<\/p>\n\n\n\n<p>Am Samstag, 28.2.26 ging es f\u00fcr die 24-k\u00f6pfige Gruppe bereits zum n\u00e4chsten Turnier des TSV Phoenix Kaden in Wallmerod. Bei 19 Top-Gruppen am Start hie\u00df es f\u00fcr die T\u00e4nzerinnen, einfach Spa\u00df zu haben und den Moment zu genie\u00dfen, anstatt auf ein Top-Ergebnis zu hoffen.<\/p>\n\n\n\n<p>Erst weit nach Mitternacht wurden im Rahmen der Siegerehrung die Top-5-Platzierungen bekannt gegeben. Im Vorfeld der Verk\u00fcndung des Siegers, hofften sie auf einen respektablen Platz im Mittelfeld. \u00dcberw\u00e4ltigende Freude, als \u201eDance Fusion\u201c aus Winden als Sieger verk\u00fcndet wurde. Dass sie sich gleich in ihrer Deb\u00fctsaison gegen diese starke Konkurrenz durchsetzen konnten, war f\u00fcr sie unfassbar.<\/p>\n\n\n\n<figure class=\"wp-block-image size-full\"><img loading=\"lazy\" decoding=\"async\" width=\"500\" height=\"375\" src=\"https:\/\/www.wir-in-winden.de\/wp-content\/uploads\/2026\/03\/DanceFusion-TSC-Winden-1.jpg\" alt=\"\" class=\"wp-image-12806\" srcset=\"https:\/\/www.wir-in-winden.de\/wp-content\/uploads\/2026\/03\/DanceFusion-TSC-Winden-1.jpg 500w, https:\/\/www.wir-in-winden.de\/wp-content\/uploads\/2026\/03\/DanceFusion-TSC-Winden-1-300x225.jpg 300w\" sizes=\"auto, (max-width: 500px) 100vw, 500px\" \/><\/figure>\n","protected":false},"excerpt":{"rendered":"<p>Die Abteilung Tanzsport des VfR Winden pr\u00e4sentierte stolz ihre neuen Shows auf den\u00a0beiden Kappensitzungen im B\u00fcrgerhaus Winden. Erstmals wieder mit drei Gruppen,\u00a0der Kindergruppe \u201eLittle Dancer\u201c, der Jugendgruppe \u201ePower Dancer\u201c und der neu gegr\u00fcndeten\u00a0Seniorengruppe \u201eDance Fusion\u201c, begeisterten die T\u00e4nzerinnen und T\u00e4nzer mit aufwendigen Kost\u00fcmen und beeindruckenden Choreografien. Am 21.2.26 begann die Turniersaison der T\u00e4nzerinnen der \u201eDance [&hellip;]<\/p>\n","protected":false},"author":1,"featured_media":0,"comment_status":"open","ping_status":"open","sticky":false,"template":"","format":"standard","meta":{"footnotes":""},"categories":[46,18],"tags":[],"class_list":["post-12804","post","type-post","status-publish","format-standard","hentry","category-tsc","category-vfr-winden"],"_links":{"self":[{"href":"https:\/\/www.wir-in-winden.de\/index.php?rest_route=\/wp\/v2\/posts\/12804","targetHints":{"allow":["GET"]}}],"collection":[{"href":"https:\/\/www.wir-in-winden.de\/index.php?rest_route=\/wp\/v2\/posts"}],"about":[{"href":"https:\/\/www.wir-in-winden.de\/index.php?rest_route=\/wp\/v2\/types\/post"}],"author":[{"embeddable":true,"href":"https:\/\/www.wir-in-winden.de\/index.php?rest_route=\/wp\/v2\/users\/1"}],"replies":[{"embeddable":true,"href":"https:\/\/www.wir-in-winden.de\/index.php?rest_route=%2Fwp%2Fv2%2Fcomments&post=12804"}],"version-history":[{"count":1,"href":"https:\/\/www.wir-in-winden.de\/index.php?rest_route=\/wp\/v2\/posts\/12804\/revisions"}],"predecessor-version":[{"id":12807,"href":"https:\/\/www.wir-in-winden.de\/index.php?rest_route=\/wp\/v2\/posts\/12804\/revisions\/12807"}],"wp:attachment":[{"href":"https:\/\/www.wir-in-winden.de\/index.php?rest_route=%2Fwp%2Fv2%2Fmedia&parent=12804"}],"wp:term":[{"taxonomy":"category","embeddable":true,"href":"https:\/\/www.wir-in-winden.de\/index.php?rest_route=%2Fwp%2Fv2%2Fcategories&post=12804"},{"taxonomy":"post_tag","embeddable":true,"href":"https:\/\/www.wir-in-winden.de\/index.php?rest_route=%2Fwp%2Fv2%2Ftags&post=12804"}],"curies":[{"name":"wp","href":"https:\/\/api.w.org\/{rel}","templated":true}]}}