{"id":12801,"date":"2026-03-04T20:41:07","date_gmt":"2026-03-04T18:41:07","guid":{"rendered":"https:\/\/www.wir-in-winden.de\/?p=12801"},"modified":"2026-03-04T20:41:07","modified_gmt":"2026-03-04T18:41:07","slug":"little-dancers-starten-stark-in-die-saison","status":"publish","type":"post","link":"https:\/\/www.wir-in-winden.de\/?p=12801","title":{"rendered":"Little Dancers starten stark in die Saison"},"content":{"rendered":"\n<figure class=\"wp-block-image size-full\"><img loading=\"lazy\" decoding=\"async\" width=\"500\" height=\"375\" src=\"https:\/\/www.wir-in-winden.de\/wp-content\/uploads\/2026\/03\/LittleDancers.jpg\" alt=\"\" class=\"wp-image-12802\" srcset=\"https:\/\/www.wir-in-winden.de\/wp-content\/uploads\/2026\/03\/LittleDancers.jpg 500w, https:\/\/www.wir-in-winden.de\/wp-content\/uploads\/2026\/03\/LittleDancers-300x225.jpg 300w\" sizes=\"auto, (max-width: 500px) 100vw, 500px\" \/><\/figure>\n\n\n\n<p>Nach intensiven Trainingswochen und vielen schwei\u00dftreibenden Proben war es endlich so weit: Die<strong> Little Dancers des TSC Schwarz-Wei\u00df Winden<\/strong> bestritten ihr erstes Showtanzturnier im Jahr 2026. Die Vorfreude war gro\u00df, denn mit einem neuen, fantasievollen Motto im Gep\u00e4ck ging es zum Turnier des TSV Ph\u00f6nix Kaden e. V.<br>Unter dem farbenfrohen Thema Zirkus \u2013 \u201eWelcome to my Crazy Circus\u201c \u2013 entf\u00fchrten die 24 jungen T\u00e4nzerinnen in glitzernden Kost\u00fcmen das Publikum in eine Welt voller Magie, Artistik und Lebensfreude. Mit viel Ausdruck und sichtbarer Begeisterung zeigten die Little Dancers, was sie sich in den vergangenen Monaten erarbeitet hatten.<br>Besonders bemerkenswert: In der Kategorie Kinder geh\u00f6rten die Little Dancers im Altersdurchschnitt zu den j\u00fcngsten Teilnehmergruppen des Wettbewerbs. Umso h\u00f6her ist die Leistung einzusch\u00e4tzen, mit der sich das Team in einem starken Feld von insgesamt 14 Tanzgruppen behauptete und einen hervorragenden 5. Platz erreichte.<br>Trainerteam, Eltern und Fans zeigten sich sichtlich stolz auf diese Platzierung, die den gro\u00dfen Einsatz, den Teamgeist und die Entwicklung der jungen T\u00e4nzerinnen und T\u00e4nzer eindrucksvoll widerspiegelt. Dieser gelungene Auftakt macht Lust auf mehr und verspricht eine spannende Showtanzsaison 2026 f\u00fcr die Little Dancers aus Winden.<\/p>\n","protected":false},"excerpt":{"rendered":"<p>Nach intensiven Trainingswochen und vielen schwei\u00dftreibenden Proben war es endlich so weit: Die Little Dancers des TSC Schwarz-Wei\u00df Winden bestritten ihr erstes Showtanzturnier im Jahr 2026. Die Vorfreude war gro\u00df, denn mit einem neuen, fantasievollen Motto im Gep\u00e4ck ging es zum Turnier des TSV Ph\u00f6nix Kaden e. V.Unter dem farbenfrohen Thema Zirkus \u2013 \u201eWelcome to [&hellip;]<\/p>\n","protected":false},"author":1,"featured_media":0,"comment_status":"open","ping_status":"open","sticky":false,"template":"","format":"standard","meta":{"footnotes":""},"categories":[46],"tags":[],"class_list":["post-12801","post","type-post","status-publish","format-standard","hentry","category-tsc"],"_links":{"self":[{"href":"https:\/\/www.wir-in-winden.de\/index.php?rest_route=\/wp\/v2\/posts\/12801","targetHints":{"allow":["GET"]}}],"collection":[{"href":"https:\/\/www.wir-in-winden.de\/index.php?rest_route=\/wp\/v2\/posts"}],"about":[{"href":"https:\/\/www.wir-in-winden.de\/index.php?rest_route=\/wp\/v2\/types\/post"}],"author":[{"embeddable":true,"href":"https:\/\/www.wir-in-winden.de\/index.php?rest_route=\/wp\/v2\/users\/1"}],"replies":[{"embeddable":true,"href":"https:\/\/www.wir-in-winden.de\/index.php?rest_route=%2Fwp%2Fv2%2Fcomments&post=12801"}],"version-history":[{"count":1,"href":"https:\/\/www.wir-in-winden.de\/index.php?rest_route=\/wp\/v2\/posts\/12801\/revisions"}],"predecessor-version":[{"id":12803,"href":"https:\/\/www.wir-in-winden.de\/index.php?rest_route=\/wp\/v2\/posts\/12801\/revisions\/12803"}],"wp:attachment":[{"href":"https:\/\/www.wir-in-winden.de\/index.php?rest_route=%2Fwp%2Fv2%2Fmedia&parent=12801"}],"wp:term":[{"taxonomy":"category","embeddable":true,"href":"https:\/\/www.wir-in-winden.de\/index.php?rest_route=%2Fwp%2Fv2%2Fcategories&post=12801"},{"taxonomy":"post_tag","embeddable":true,"href":"https:\/\/www.wir-in-winden.de\/index.php?rest_route=%2Fwp%2Fv2%2Ftags&post=12801"}],"curies":[{"name":"wp","href":"https:\/\/api.w.org\/{rel}","templated":true}]}}