{"id":12799,"date":"2026-03-04T20:35:56","date_gmt":"2026-03-04T18:35:56","guid":{"rendered":"https:\/\/www.wir-in-winden.de\/?p=12799"},"modified":"2026-03-04T20:35:56","modified_gmt":"2026-03-04T18:35:56","slug":"winden-trauert-um-bernd-schendel","status":"publish","type":"post","link":"https:\/\/www.wir-in-winden.de\/?p=12799","title":{"rendered":"Winden trauert um Bernd Schendel"},"content":{"rendered":"\n<p>Die Ortsgemeinde Winden nimmt Abschied von<\/p>\n\n\n\n<p>Herrn<br>Bernd Schendel<\/p>\n\n\n\n<p>der am 18. Februar 2026 im Alter von 75 Jahren verstorben ist.<\/p>\n\n\n\n<p>Mit Bernd Schendel verliert unsere Gemeinde eine Pers\u00f6nlichkeit, die Winden \u00fcber Jahrzehnte hinweg ma\u00dfgeblich mitgestaltet hat. Insgesamt 32 Jahre geh\u00f6rte er dem Gemeinderat an und brachte sich mit gro\u00dfem Verantwortungsbewusstsein in die Entwicklung unserer Ortsgemeinde ein.<\/p>\n\n\n\n<p>Vom 1. Januar 1979 bis zum 31. M\u00e4rz 2015 war er als Revierf\u00f6rster f\u00fcr die Gemeinde Winden t\u00e4tig. In dieser Zeit pr\u00e4gte er unseren Gemeindewald nachhaltig. Mit fachlicher Kompetenz, Weitblick und gro\u00dfem Engagement strukturierte er die Waldbest\u00e4nde neu, sorgte f\u00fcr gepflegte und gut instand gehaltene Waldwege und handelte bei Sturmsch\u00e4den und anderen Schadensereignissen schnell und besonnen, um die Auswirkungen f\u00fcr die Gemeinde m\u00f6glichst gering zu halten.<\/p>\n\n\n\n<p>\u00dcber mehr als 15 Jahre f\u00fchrte er zudem die Jagdgenossenschaft als Vorsitzender und setzte sich auch dort verantwortungsvoll f\u00fcr die Belange unserer Heimat ein.<\/p>\n\n\n\n<p>Im Gemeinderat war Bernd Schendel ein gesch\u00e4tzter Ratgeber. Seine ruhige, sachliche und stets am Gemeinwohl orientierte Art verlieh seinen Beitr\u00e4gen besonderes Gewicht. Er verband fachliche Erfahrung mit menschlicher Verl\u00e4sslichkeit und war vielen ein vertrauensvoller Ansprechpartner.<\/p>\n\n\n\n<p>Die Ortsgemeinde Winden verliert mit ihm einen B\u00fcrger, der seine Kraft, sein Wissen und seine Zeit uneigenn\u00fctzig in den Dienst der Allgemeinheit gestellt hat. Sein Wirken bleibt sichtbar \u2013 in unserem Wald und in der Entwicklung unserer Gemeinde.<\/p>\n\n\n\n<p>Wir gedenken Bernd Schendel in Dankbarkeit und werden ihm ein ehrendes Andenken bewahren.<\/p>\n\n\n\n<p>Unser Mitgef\u00fchl gilt seiner Familie.<\/p>\n\n\n\n<p>Winden, im M\u00e4rz 2026<\/p>\n\n\n\n<p>F\u00fcr die Ortsgemeinde Winden<br>Gebhard Linscheid<br>Ortsb\u00fcrgermeister<\/p>\n","protected":false},"excerpt":{"rendered":"<p>Die Ortsgemeinde Winden nimmt Abschied von HerrnBernd Schendel der am 18. Februar 2026 im Alter von 75 Jahren verstorben ist. Mit Bernd Schendel verliert unsere Gemeinde eine Pers\u00f6nlichkeit, die Winden \u00fcber Jahrzehnte hinweg ma\u00dfgeblich mitgestaltet hat. Insgesamt 32 Jahre geh\u00f6rte er dem Gemeinderat an und brachte sich mit gro\u00dfem Verantwortungsbewusstsein in die Entwicklung unserer Ortsgemeinde [&hellip;]<\/p>\n","protected":false},"author":1,"featured_media":0,"comment_status":"open","ping_status":"open","sticky":false,"template":"","format":"standard","meta":{"footnotes":""},"categories":[65],"tags":[],"class_list":["post-12799","post","type-post","status-publish","format-standard","hentry","category-wir-trauern"],"_links":{"self":[{"href":"https:\/\/www.wir-in-winden.de\/index.php?rest_route=\/wp\/v2\/posts\/12799","targetHints":{"allow":["GET"]}}],"collection":[{"href":"https:\/\/www.wir-in-winden.de\/index.php?rest_route=\/wp\/v2\/posts"}],"about":[{"href":"https:\/\/www.wir-in-winden.de\/index.php?rest_route=\/wp\/v2\/types\/post"}],"author":[{"embeddable":true,"href":"https:\/\/www.wir-in-winden.de\/index.php?rest_route=\/wp\/v2\/users\/1"}],"replies":[{"embeddable":true,"href":"https:\/\/www.wir-in-winden.de\/index.php?rest_route=%2Fwp%2Fv2%2Fcomments&post=12799"}],"version-history":[{"count":1,"href":"https:\/\/www.wir-in-winden.de\/index.php?rest_route=\/wp\/v2\/posts\/12799\/revisions"}],"predecessor-version":[{"id":12800,"href":"https:\/\/www.wir-in-winden.de\/index.php?rest_route=\/wp\/v2\/posts\/12799\/revisions\/12800"}],"wp:attachment":[{"href":"https:\/\/www.wir-in-winden.de\/index.php?rest_route=%2Fwp%2Fv2%2Fmedia&parent=12799"}],"wp:term":[{"taxonomy":"category","embeddable":true,"href":"https:\/\/www.wir-in-winden.de\/index.php?rest_route=%2Fwp%2Fv2%2Fcategories&post=12799"},{"taxonomy":"post_tag","embeddable":true,"href":"https:\/\/www.wir-in-winden.de\/index.php?rest_route=%2Fwp%2Fv2%2Ftags&post=12799"}],"curies":[{"name":"wp","href":"https:\/\/api.w.org\/{rel}","templated":true}]}}