{"id":12769,"date":"2026-01-25T20:13:10","date_gmt":"2026-01-25T18:13:10","guid":{"rendered":"https:\/\/www.wir-in-winden.de\/?p=12769"},"modified":"2026-01-25T20:17:23","modified_gmt":"2026-01-25T18:17:23","slug":"kroener-gmbh-spendet-2500-euro-fuer-die-feuerwehr","status":"publish","type":"post","link":"https:\/\/www.wir-in-winden.de\/?p=12769","title":{"rendered":"Kr\u00f6ner spendet 2500 Euro f\u00fcr die Feuerwehr"},"content":{"rendered":"\n<figure class=\"wp-block-image size-full\"><img loading=\"lazy\" decoding=\"async\" width=\"500\" height=\"333\" src=\"https:\/\/www.wir-in-winden.de\/wp-content\/uploads\/2026\/01\/251213_Spendenuebergabe_klein.jpg\" alt=\"\" class=\"wp-image-12770\" srcset=\"https:\/\/www.wir-in-winden.de\/wp-content\/uploads\/2026\/01\/251213_Spendenuebergabe_klein.jpg 500w, https:\/\/www.wir-in-winden.de\/wp-content\/uploads\/2026\/01\/251213_Spendenuebergabe_klein-300x200.jpg 300w\" sizes=\"auto, (max-width: 500px) 100vw, 500px\" \/><figcaption class=\"wp-element-caption\">Spenden\u00fcbergabe bei der Freiwilligen Feuerwehr Winden: Michael Hermann, Mathias Dus, Florian Linscheid, Daniel Vogt, Ute Schnackenberg und Andreas Kr\u00f6ner (v.l.). Foto: Feuerwehr Winden<\/figcaption><\/figure>\n\n\n\n<p>Zur \u00dcbergabe eines symbolischen Spendenschecks in H\u00f6he von EUR 2.500,- besuchten am<br>Samstag, den 13.12.2025, <strong>Andreas Kr\u00f6ner und Ute Schnackenberg <\/strong>von der <strong>Peter Kr\u00f6ner GmbH<\/strong><br>das Ger\u00e4tehaus der <strong>Freiwilligen Feuerwehr Winden<\/strong>. Dort warteten bereits die ehrenamtlichen<br>Feuerwehrm\u00e4nner <strong>Mathias Dus, Michael Hermann, Florian Linscheid und Daniel Vogt<\/strong>.<\/p>\n\n\n\n<p>Florian Linscheid f\u00fchrte zun\u00e4chst das Feuerwehrger\u00e4tehaus vor und zeigte dabei eine Bildergalerie mit<br>Erinnerungsfotos aus vielen Jahrzehnten der freiwilligen Feuerwehr Winden, die 2026 ihr 100-<br>j\u00e4hriges Bestehen feiert. Dabei berichtete er von vergangenen Eins\u00e4tzen, aber auch davon, dass<br>f\u00fcr die Feuerwehr die Gewinnung neuer Mitgliedern ein wichtiges Thema sei. Die Feuerwehr<br>Winden hat aktuell etwa. 20 aktive Mitglieder sowie eine Jugendfeuerwehr mit neun jugendlichen<br>Mitgliedern. Jeden zweiten Freitag finden \u00dcbungen statt.<br>\u201eWir m\u00f6chten Euch allen f\u00fcr die vielen ehrenamtlichen Stunden und die st\u00e4ndige Bereitschaft,<br>im Ernstfall da zu sein von Herzen danken\u201c, so Kr\u00f6ner. \u201eEs ist gut zu wissen, dass Ihr stets bereit<br>seid und auch bei den vielen Veranstaltungen der Ortsgemeinde f\u00fcr Sicherheit sorgt. Unsere<br>Spende soll diesen Dank untermauern.\u201c<br>Die Peter Kr\u00f6ner GmbH ist ein familiengef\u00fchrtes und global agierendes Unternehmen, das sich<br>in der Partikelschaumbranche auf die Herstellung und Entwicklung von Zubeh\u00f6rteilen<br>spezialisiert hat. Das Unternehmen ist im nahegelegenen Stahlhofen angesiedelt, besch\u00e4ftigt<br>rund 20 Mitarbeiter und bietet regelm\u00e4\u00dfig Ausbildungspl\u00e4tze im Bereich der Metallverarbeitung<br>an.<\/p>\n","protected":false},"excerpt":{"rendered":"<p>Zur \u00dcbergabe eines symbolischen Spendenschecks in H\u00f6he von EUR 2.500,- besuchten amSamstag, den 13.12.2025, Andreas Kr\u00f6ner und Ute Schnackenberg von der Peter Kr\u00f6ner GmbHdas Ger\u00e4tehaus der Freiwilligen Feuerwehr Winden. Dort warteten bereits die ehrenamtlichenFeuerwehrm\u00e4nner Mathias Dus, Michael Hermann, Florian Linscheid und Daniel Vogt. Florian Linscheid f\u00fchrte zun\u00e4chst das Feuerwehrger\u00e4tehaus vor und zeigte dabei eine Bildergalerie [&hellip;]<\/p>\n","protected":false},"author":1,"featured_media":0,"comment_status":"open","ping_status":"open","sticky":false,"template":"","format":"standard","meta":{"footnotes":""},"categories":[9],"tags":[],"class_list":["post-12769","post","type-post","status-publish","format-standard","hentry","category-feuerwehr"],"_links":{"self":[{"href":"https:\/\/www.wir-in-winden.de\/index.php?rest_route=\/wp\/v2\/posts\/12769","targetHints":{"allow":["GET"]}}],"collection":[{"href":"https:\/\/www.wir-in-winden.de\/index.php?rest_route=\/wp\/v2\/posts"}],"about":[{"href":"https:\/\/www.wir-in-winden.de\/index.php?rest_route=\/wp\/v2\/types\/post"}],"author":[{"embeddable":true,"href":"https:\/\/www.wir-in-winden.de\/index.php?rest_route=\/wp\/v2\/users\/1"}],"replies":[{"embeddable":true,"href":"https:\/\/www.wir-in-winden.de\/index.php?rest_route=%2Fwp%2Fv2%2Fcomments&post=12769"}],"version-history":[{"count":3,"href":"https:\/\/www.wir-in-winden.de\/index.php?rest_route=\/wp\/v2\/posts\/12769\/revisions"}],"predecessor-version":[{"id":12773,"href":"https:\/\/www.wir-in-winden.de\/index.php?rest_route=\/wp\/v2\/posts\/12769\/revisions\/12773"}],"wp:attachment":[{"href":"https:\/\/www.wir-in-winden.de\/index.php?rest_route=%2Fwp%2Fv2%2Fmedia&parent=12769"}],"wp:term":[{"taxonomy":"category","embeddable":true,"href":"https:\/\/www.wir-in-winden.de\/index.php?rest_route=%2Fwp%2Fv2%2Fcategories&post=12769"},{"taxonomy":"post_tag","embeddable":true,"href":"https:\/\/www.wir-in-winden.de\/index.php?rest_route=%2Fwp%2Fv2%2Ftags&post=12769"}],"curies":[{"name":"wp","href":"https:\/\/api.w.org\/{rel}","templated":true}]}}