{"id":12749,"date":"2026-01-20T21:28:19","date_gmt":"2026-01-20T19:28:19","guid":{"rendered":"https:\/\/www.wir-in-winden.de\/?p=12749"},"modified":"2026-01-20T21:28:19","modified_gmt":"2026-01-20T19:28:19","slug":"wallfahrt-nach-maria-martental","status":"publish","type":"post","link":"https:\/\/www.wir-in-winden.de\/?p=12749","title":{"rendered":"Wallfahrt nach Maria Martental"},"content":{"rendered":"\n<figure class=\"wp-block-image size-full\"><img loading=\"lazy\" decoding=\"async\" width=\"500\" height=\"472\" src=\"https:\/\/www.wir-in-winden.de\/wp-content\/uploads\/2026\/01\/Ansicht.jpg\" alt=\"\" class=\"wp-image-12751\" srcset=\"https:\/\/www.wir-in-winden.de\/wp-content\/uploads\/2026\/01\/Ansicht.jpg 500w, https:\/\/www.wir-in-winden.de\/wp-content\/uploads\/2026\/01\/Ansicht-300x283.jpg 300w\" sizes=\"auto, (max-width: 500px) 100vw, 500px\" \/><\/figure>\n\n\n\n<p>In diesem Jahr bietet der<strong> Ortsausschuss von St. Willibrord Winden<\/strong> wieder eine Buswallfahrt an. Ziel ist Maria Martental in der Eifel. <\/p>\n\n\n\n<p>Geschichtlich wird 1141 erstmals ein M\u00f6nchskloster mit Namen &#8222;Martildahl&#8220; erw\u00e4hnt. Um 1200 wurde das Kloster in ein Nonnenkloster umgewandelt, das bis 1523 existierte. Aus dieser Zeit stammt auch das Gnadenbild der &#8222;schmerzhaften Muttergottes&#8220;, das heute noch Ziel zahlreicher Pilger ist. Ab 1927 betreut die Ordensgemeinschaft der Herz-Jesu-Priester den Wallfahrtsort. Nach Abstimmung mit<strong> Pfarrer Scheungraber<\/strong>, der die Wallfahrt begleitet, ist als Termin,\u00a0<strong>Samstag, der 12.09.2026,<\/strong> festgelegt. Dieser wurde zwischenzeitlich bereits vom zust\u00e4ndigen Wallfahrtsleiter <strong>Pater Andreas Pohl<\/strong> best\u00e4tigt.<\/p>\n\n\n\n<p>Die Abfahrt in Winden ist f\u00fcr 8.30 Uhr vorgesehen. Der Pilgergottesdienst findet voraussichtlich um 11 Uhr statt. Der genaue Ablaufplan wird zur gegebenen Zeit mitgeteilt. Anmeldungen zur Teilnahme sind ab sofort bei <strong>Gerald und Beate Eschenauer<\/strong>, Telefon 02604\/5570, oder per E-Mail\u00a0<a href=\"mailto:gerald.eschenau@web.de\" target=\"_blank\" rel=\"noreferrer noopener\">gerald.eschenau@web.de<\/a>\u00a0bzw.\u00a0<a href=\"mailto:beate.eschenauer@web.de\" target=\"_blank\" rel=\"noreferrer noopener\">beate.eschenauer@web.de<\/a>\u00a0und bei jedem weiteren Mitglied des Ortsausschusses m\u00f6glich. F\u00fcr die Buswallfahrt wird ein Kostenbeitrag f\u00e4llig, dessen H\u00f6he sich nach der Anzahl der Teilnehmer richtet. Dieser wird sich aber, wie in den vergangenen Jahren, im vertretbaren Rahmen bewegen.<\/p>\n\n\n\n<figure class=\"wp-block-image size-large\"><img loading=\"lazy\" decoding=\"async\" width=\"554\" height=\"1024\" src=\"https:\/\/www.wir-in-winden.de\/wp-content\/uploads\/2026\/01\/Gnadenbild-554x1024.jpg\" alt=\"\" class=\"wp-image-12752\" srcset=\"https:\/\/www.wir-in-winden.de\/wp-content\/uploads\/2026\/01\/Gnadenbild-554x1024.jpg 554w, https:\/\/www.wir-in-winden.de\/wp-content\/uploads\/2026\/01\/Gnadenbild-162x300.jpg 162w, https:\/\/www.wir-in-winden.de\/wp-content\/uploads\/2026\/01\/Gnadenbild.jpg 646w\" sizes=\"auto, (max-width: 554px) 100vw, 554px\" \/><\/figure>\n","protected":false},"excerpt":{"rendered":"<p>In diesem Jahr bietet der Ortsausschuss von St. Willibrord Winden wieder eine Buswallfahrt an. Ziel ist Maria Martental in der Eifel. Geschichtlich wird 1141 erstmals ein M\u00f6nchskloster mit Namen &#8222;Martildahl&#8220; erw\u00e4hnt. Um 1200 wurde das Kloster in ein Nonnenkloster umgewandelt, das bis 1523 existierte. Aus dieser Zeit stammt auch das Gnadenbild der &#8222;schmerzhaften Muttergottes&#8220;, das [&hellip;]<\/p>\n","protected":false},"author":1,"featured_media":0,"comment_status":"open","ping_status":"open","sticky":false,"template":"","format":"standard","meta":{"footnotes":""},"categories":[31],"tags":[],"class_list":["post-12749","post","type-post","status-publish","format-standard","hentry","category-katholische-kirchengemeinde"],"_links":{"self":[{"href":"https:\/\/www.wir-in-winden.de\/index.php?rest_route=\/wp\/v2\/posts\/12749","targetHints":{"allow":["GET"]}}],"collection":[{"href":"https:\/\/www.wir-in-winden.de\/index.php?rest_route=\/wp\/v2\/posts"}],"about":[{"href":"https:\/\/www.wir-in-winden.de\/index.php?rest_route=\/wp\/v2\/types\/post"}],"author":[{"embeddable":true,"href":"https:\/\/www.wir-in-winden.de\/index.php?rest_route=\/wp\/v2\/users\/1"}],"replies":[{"embeddable":true,"href":"https:\/\/www.wir-in-winden.de\/index.php?rest_route=%2Fwp%2Fv2%2Fcomments&post=12749"}],"version-history":[{"count":1,"href":"https:\/\/www.wir-in-winden.de\/index.php?rest_route=\/wp\/v2\/posts\/12749\/revisions"}],"predecessor-version":[{"id":12753,"href":"https:\/\/www.wir-in-winden.de\/index.php?rest_route=\/wp\/v2\/posts\/12749\/revisions\/12753"}],"wp:attachment":[{"href":"https:\/\/www.wir-in-winden.de\/index.php?rest_route=%2Fwp%2Fv2%2Fmedia&parent=12749"}],"wp:term":[{"taxonomy":"category","embeddable":true,"href":"https:\/\/www.wir-in-winden.de\/index.php?rest_route=%2Fwp%2Fv2%2Fcategories&post=12749"},{"taxonomy":"post_tag","embeddable":true,"href":"https:\/\/www.wir-in-winden.de\/index.php?rest_route=%2Fwp%2Fv2%2Ftags&post=12749"}],"curies":[{"name":"wp","href":"https:\/\/api.w.org\/{rel}","templated":true}]}}