{"id":12309,"date":"2025-04-10T08:01:36","date_gmt":"2025-04-10T06:01:36","guid":{"rendered":"https:\/\/www.wir-in-winden.de\/?p=12309"},"modified":"2025-04-10T08:01:36","modified_gmt":"2025-04-10T06:01:36","slug":"vfr-winden-blickt-zurueck-und-schaut-voraus","status":"publish","type":"post","link":"https:\/\/www.wir-in-winden.de\/?p=12309","title":{"rendered":"VfR Winden blickt zur\u00fcck und schaut voraus"},"content":{"rendered":"\n<p>20 der knapp 260 Mitglieder des VfR haben sich auf den Weg zum Sportplatz am Freitag, 4. April, zur diesj\u00e4hrigen Jahreshauptversammlung gemacht. Nach der allj\u00e4hrlichen Totenehrung ging<strong> Vorsitzender Silas Dennebaum<\/strong> auf das Geschehen des letzten Jahres im Verein ein. Neben der erfolgreich gegr\u00fcndeten SG mit der TuS Nassovia Nassau &#8211; hier nochmal ein Riesendank an <strong>Markus R\u00fcbsamen<\/strong>, ohne den dies nicht zustandegekommen w\u00e4re &#8211; konnte man zwei einigerma\u00dfen erfolgreiche Arbeitseins\u00e4tze am Sportplatz durchf\u00fchren.\u00a0<\/p>\n\n\n\n<p>Leider ist es hier so wie in den letzten Jahren, dass sich meistens dieselben vier bis sechs Leute einfinden, um die Sporth\u00fctte und die Au\u00dfenanlage so gut wie m\u00f6glich zu pflegen. Hier bittet der Vorstand, dass sich in Zukunft vielleicht ein paar mehr Leute bei solchen Eins\u00e4tzen einfinden.<\/p>\n\n\n\n<p>Im Oktober konnte man dann das mittlerweile traditionell stattfindende Oktoberfest ausrichten. Dies war durch das Wetter und die Herbstferien leider nicht allzu stark besucht, trotzdem konnte man mit einem Plus aus der Veranstaltung gehen, so der Vorsitzende. F\u00fcr dieses Jahr plane man auch wieder ein Oktoberfest, den Termin m\u00f6chte man aber diesmal au\u00dferhalb der Herbstferien legen. Au\u00dferdem wird der Sportverein, zusammen mit dem Tennisverein, den Getr\u00e4nkeverkauf beim diesj\u00e4hrigen H\u00f6fefest stemmen. Hier hoffen beide Vereine auf eine gute Unterst\u00fctzung ihrer Mitglieder.<\/p>\n\n\n\n<p>Aus den Abteilungen wurde dann wie folgt berichtet:<\/p>\n\n\n\n<p><strong>Turnen:&nbsp;<\/strong><\/p>\n\n\n\n<p>Der sogenannte M\u00e4nnersport+ (als M\u00e4nnersport gestartet, mittlerweile Partnersport) wird immer noch gut angenommen. Leider kommen keine neuen Gesichter dazu, so <strong>Sonja Schwaderlapp<\/strong>, Abteilungsleiterin vom Turnen. Man m\u00f6chte hier in Zukunft versuchen, mehr Werbung f\u00fcr zu machen, um neue Leute daf\u00fcr zu begeistern. Der Kurs findet jeden Freitag von 18:30-19:30 Uhr im B\u00fcrgerhaus statt. Angeboten wird ein Sportkurs mit viel Abwechslung. Das Training wird dann mit einem Bier oder Sekt in geselliger Runde beendet, auch gab es im letzten Jahr das erste Mal eine Weihnachtsfeier der Gruppe, welche in diesem Jahr wiederholt werden soll.<\/p>\n\n\n\n<p>Die Turnerfrauen selbst haben immer Dienstag ab 19 Uhr ihr Training, hier konnte im letzten Jahr eine neue Trainerin gefunden werden, die Trainingsbeteiligung sei super, erz\u00e4hlte Sonja. Allerdings h\u00e4tte man hier dasselbe Problem wie die letzten Jahre, der Altersdurchschnitt werde immer h\u00f6her. Als ein gro\u00dfes Problem sehe man die manchmal fehlende Kommunikation zwischen den Abteilungen Als Beispiel wurde hier genannt, dass fr\u00fcher die Frauen nach ihrer Tanzkarriere automatisch zu den Turnerfrauen gekommen seien, dies sei heute leider nicht mehr der Fall. Diese fehlende Kommunikation will man in n\u00e4chster Zeit \u00e4ndern und auch hier kr\u00e4ftig die Werbetrommel drehen.<\/p>\n\n\n\n<p>Es wurde im letzten Jahr erfolgreich ein Zweitagesausflug nach K\u00f6ln gemacht, mit viel Spa\u00df und Freude habe man die zwei Tage genossen. Vor Weihnachten gab es diesmal keine Weihnachtsfeier, stattdessen gab es einen Neujahrsempfang. Dies m\u00f6chte man diesen Winter auch so beibehalten. Ebenso hat man f\u00fcr das neue Jahr vor einen Tagesausflug rund um Winden zu machen.\u00a0<\/p>\n\n\n\n<p><strong>TSC:<\/strong><\/p>\n\n\n\n<p><strong>Jill Kurth und Lina Richter<\/strong> fingen an, von ihrer Tanzgruppe, den Power Dancers, zu berichten. Man konnte erfolgreich einen Tanz f\u00fcr die Kappensitzung in Winden und auch f\u00fcr nachfolgende Turniere aufstellen. Das Probetraining, am Dienstag, den 1. April, war eben so von Erfolg gekr\u00f6nt wie die ganze letzte Saison. F\u00fcr n\u00e4chstes Jahr hat man nun schon sechs neue T\u00e4nzerinnen f\u00fcr die neue Saison gefunden. Die beiden hoffen nun, beim zweiten Probetraining, am Dienstag, 8. April noch ein paar T\u00e4nzer mehr zu finden.<\/p>\n\n\n\n<p>Danach berichteten<strong> Leonie Klein und Zoe Dennebaum<\/strong>, dass man nun endlich wieder eine Erwachsenen-Tanzgruppe f\u00fcr Turniere zusammenstellen konnte. Trainiert wird die neue Gruppe von <strong>Sophie Diel<\/strong>. Als Name der neuen Tanzgruppe haben sich die knapp 20 T\u00e4nzerinnen auf <strong>\u201eDance Fusion\u201c<\/strong> geeinigt. Beim Probetraining konnte man viele altbekannte Gesichter empfangen, die schon vor ein paar Jahren f\u00fcr den TSC aktiv waren und nun wieder den Weg zur\u00fcckgefunden haben.\u00a0Die Tanzgruppe sucht verst\u00e4rkt nach Sponsoren und will in den n\u00e4chsten Jahren wieder auf vielen Turnieren den VfR erfolgreich pr\u00e4sentieren. Auch konnten die vier berichten, dass die kleinste Tanzgruppe, die Little Dancer, erfolgreich auf Turnieren in der letzten Saison waren.<\/p>\n\n\n\n<p>In den n\u00e4chsten Wochen m\u00f6chte man eine neue Abteilungsleitung w\u00e4hlen und dadurch den Austausch zwischen den Tanzgruppen noch mehr verst\u00e4rken, um auch in Zukunft auf genug T\u00e4nzer zur\u00fcckgreifen zu k\u00f6nnen. Alle vier hoffen nun auch, dass die \u201e\u00e4lteste\u201c Tanzgruppe, Best oft he Rest, trotz der neu gegr\u00fcndeten Gruppe weiterhin Bestand hat, um auch einen Anreiz f\u00fcr T\u00e4nzer zu bieten, die nur an Karneval auftreten m\u00f6chten.<\/p>\n\n\n\n<p><strong>Fu\u00dfball:<\/strong><\/p>\n\n\n\n<p><strong>Silas Dennebaum<\/strong> berichtete hier, dass man in dieser Abteilung leider mit denselben Problemen wie in den letzten Jahren k\u00e4mpfe. Zwar hat man erfolgreich eine SG gegr\u00fcndet und m\u00f6chte diese auch in der n\u00e4chsten Saison fortsetzen, allerdings findet sich leider niemand, der diese Abteilung f\u00fchren m\u00f6chte.\u00a0<\/p>\n\n\n\n<p>Auch hat man immer noch das Problem, dass der Sportplatz in die Jahre gekommen ist, da es im Moment aber auch leider nicht danach aussieht, dass neue Spieler hinzukommen, m\u00f6chte man keine Schulden f\u00fcr eine Sanierung in Kauf nehmen. Die anwesenden Mitglieder stimmten aber daf\u00fcr, dass man sich Angebote anh\u00f6rt und auch in Erw\u00e4gung zieht, einen Wiesenplatz zu bauen, wie ihn der Nachbar aus Wein\u00e4hr schon seit Jahren hat. Dieser w\u00fcrde nicht dieselbe aufw\u00e4ndige Pflege wie ein Rasenplatz ben\u00f6tigen und w\u00e4re daher eine Alternative zum jetzigen Hartplatz.<\/p>\n\n\n\n<p>Auch erz\u00e4hlte der Vorsitzende, ben\u00f6tige man dringen zwei Schiedsrichter, um die Sollzahl des Verbandes zu erf\u00fcllen, da der Verein sonst Strafen zahlen m\u00fcsse. Auch daf\u00fcr soll mehr geworben werden.<\/p>\n\n\n\n<p>In seinem Kassenbericht erkl\u00e4rte Silas Dennebaum, dass er zum 1. September 2024 die Kasse von <strong>Martin Moska<\/strong> \u00fcbernommen hat. Dieser bekam einen gro\u00dfen Dank vom Vorsitzenden f\u00fcr seine Arbeit der letzten Jahre ausgesprochen und auch daf\u00fcr, dass er trotz seines R\u00fccktritts nach der letzten Wahl die Kasse noch ein halbes Jahr gef\u00fchrt und sehr ordentlich \u00fcbergeben hat. Der Verein konnte durch Veranstaltungen und Mitgliedsbeitr\u00e4ge wieder mit einem guten Plus aus dem letzten Jahr gehen. Die h\u00f6chsten Verluste mache man durch die \u00dcbungsleiter, erl\u00e4uterte der Kassenf\u00fchrer. Auch hier stimmten alle Anwesenden zu, dass diese Summen im Rahmen seien und man froh sei, in allen Abteilungen so gute Trainer zu haben.<\/p>\n\n\n\n<p><strong>Dieter M\u00fcller<\/strong> berichtete von der Kassenpr\u00fcfung, die er zusammen mit <strong>Heinz-J\u00fcrgen Schl\u00f6sser<\/strong> ausgef\u00fchrt hatte und empfahl der Versammlung die Entlastung des Vorstands. Diese wurde einstimmig erteilt.<\/p>\n\n\n\n<p>Als letzten Punkt auf der Tagesordnung wurden die anwesenden Mitglieder gebeten, W\u00fcnsche und Vorschl\u00e4ge abzugeben. Hier wurde ausdr\u00fccklich empfohlen, im n\u00e4chsten Jahr das 110-j\u00e4hrige Bestehen des Vereins zu feiern. Auch wurde der Vorstand gebeten, in Zukunft wieder mehr auf die Geburtstage, Ehrungen durch jahrelange Mitgliedschaft und Beerdigungen verstorbener Mitglieder einzugehen und besser zu managen. Hier entschuldigte sich der Vorsitzende Silas Dennebaum auch nochmal vor den Anwesenden, dass im letzten Jahr nicht immer alles glattlief und er dies zusammen mit seinem Vorstand \u00e4ndern m\u00f6chte. Der Vorstand notierte sich die W\u00fcnsche und versprach, sich um diese umgehende bei der n\u00e4chsten Sitzung zu k\u00fcmmern.\u00a0<\/p>\n\n\n\n<p>Der Vorstand selbst w\u00fcnschte sich f\u00fcr die Zukunft, dass wieder mehr kommuniziert werde im gesamten Verein. Die Mitglieder k\u00f6nnten auch ruhig auf alle aus dem Vorstand zukommen, um Verbesserungen oder Vorschl\u00e4ge zu machen. Im Gegenzug w\u00fcnsche man sich aber auch mehr Hilfe bei Veranstaltungen und Umsetzungen bei gro\u00dfen Festen. <\/p>\n\n\n\n<p>Zum Abschluss bedankte sich Silas Dennebaum bei allen erschienenen Mitgliedern.\u00a0Er erkl\u00e4rte dann aber, dass er sich im n\u00e4chsten Jahr nicht mehr zur Wahl als Vorsitzender aufstellen lassen werde. Das Amt des Kassierers w\u00fcrde er weiter ausf\u00fchren, er erhofft sich, dass sich hier eine Person finden l\u00e4sst, die den Verein in eine gute Zukunft f\u00fchrt und dem gesamten VfR 1916 Winden einen neuen Aufschwung gibt.<\/p>\n","protected":false},"excerpt":{"rendered":"<p>20 der knapp 260 Mitglieder des VfR haben sich auf den Weg zum Sportplatz am Freitag, 4. April, zur diesj\u00e4hrigen Jahreshauptversammlung gemacht. Nach der allj\u00e4hrlichen Totenehrung ging Vorsitzender Silas Dennebaum auf das Geschehen des letzten Jahres im Verein ein. Neben der erfolgreich gegr\u00fcndeten SG mit der TuS Nassovia Nassau &#8211; hier nochmal ein Riesendank an [&hellip;]<\/p>\n","protected":false},"author":1,"featured_media":0,"comment_status":"open","ping_status":"open","sticky":false,"template":"","format":"standard","meta":{"footnotes":""},"categories":[18],"tags":[],"class_list":["post-12309","post","type-post","status-publish","format-standard","hentry","category-vfr-winden"],"_links":{"self":[{"href":"https:\/\/www.wir-in-winden.de\/index.php?rest_route=\/wp\/v2\/posts\/12309","targetHints":{"allow":["GET"]}}],"collection":[{"href":"https:\/\/www.wir-in-winden.de\/index.php?rest_route=\/wp\/v2\/posts"}],"about":[{"href":"https:\/\/www.wir-in-winden.de\/index.php?rest_route=\/wp\/v2\/types\/post"}],"author":[{"embeddable":true,"href":"https:\/\/www.wir-in-winden.de\/index.php?rest_route=\/wp\/v2\/users\/1"}],"replies":[{"embeddable":true,"href":"https:\/\/www.wir-in-winden.de\/index.php?rest_route=%2Fwp%2Fv2%2Fcomments&post=12309"}],"version-history":[{"count":1,"href":"https:\/\/www.wir-in-winden.de\/index.php?rest_route=\/wp\/v2\/posts\/12309\/revisions"}],"predecessor-version":[{"id":12310,"href":"https:\/\/www.wir-in-winden.de\/index.php?rest_route=\/wp\/v2\/posts\/12309\/revisions\/12310"}],"wp:attachment":[{"href":"https:\/\/www.wir-in-winden.de\/index.php?rest_route=%2Fwp%2Fv2%2Fmedia&parent=12309"}],"wp:term":[{"taxonomy":"category","embeddable":true,"href":"https:\/\/www.wir-in-winden.de\/index.php?rest_route=%2Fwp%2Fv2%2Fcategories&post=12309"},{"taxonomy":"post_tag","embeddable":true,"href":"https:\/\/www.wir-in-winden.de\/index.php?rest_route=%2Fwp%2Fv2%2Ftags&post=12309"}],"curies":[{"name":"wp","href":"https:\/\/api.w.org\/{rel}","templated":true}]}}