{"id":10495,"date":"2022-04-07T19:36:26","date_gmt":"2022-04-07T17:36:26","guid":{"rendered":"http:\/\/www.wir-in-winden.de\/?p=10495"},"modified":"2022-04-07T19:36:26","modified_gmt":"2022-04-07T17:36:26","slug":"jahreshauptversammlung-des-vfr-1916-winden","status":"publish","type":"post","link":"https:\/\/www.wir-in-winden.de\/?p=10495","title":{"rendered":"Jahreshauptversammlung des VfR 1916 Winden"},"content":{"rendered":"\n<p>Der <strong>VfR 1916 Winden<\/strong> erinnert noch einmal an seine Jahreshauptversammlung am<strong> Freitag, 8. April, 19 Uhr, <\/strong>am Sportplatz. Im Zuge der Neuwahlen des Vorstandes bahnt sich ein Generationswechsel an, f\u00fcr den mutige Mitstreiter f\u00fcr die n\u00e4chsten zwei Jahre gesucht werden.<br><\/p>\n","protected":false},"excerpt":{"rendered":"<p>Der VfR 1916 Winden erinnert noch einmal an seine Jahreshauptversammlung am Freitag, 8. April, 19 Uhr, am Sportplatz. Im Zuge der Neuwahlen des Vorstandes bahnt sich ein Generationswechsel an, f\u00fcr den mutige Mitstreiter f\u00fcr die n\u00e4chsten zwei Jahre gesucht werden.<\/p>\n","protected":false},"author":1,"featured_media":0,"comment_status":"open","ping_status":"open","sticky":false,"template":"","format":"standard","meta":{"footnotes":""},"categories":[18],"tags":[],"class_list":["post-10495","post","type-post","status-publish","format-standard","hentry","category-vfr-winden"],"_links":{"self":[{"href":"https:\/\/www.wir-in-winden.de\/index.php?rest_route=\/wp\/v2\/posts\/10495","targetHints":{"allow":["GET"]}}],"collection":[{"href":"https:\/\/www.wir-in-winden.de\/index.php?rest_route=\/wp\/v2\/posts"}],"about":[{"href":"https:\/\/www.wir-in-winden.de\/index.php?rest_route=\/wp\/v2\/types\/post"}],"author":[{"embeddable":true,"href":"https:\/\/www.wir-in-winden.de\/index.php?rest_route=\/wp\/v2\/users\/1"}],"replies":[{"embeddable":true,"href":"https:\/\/www.wir-in-winden.de\/index.php?rest_route=%2Fwp%2Fv2%2Fcomments&post=10495"}],"version-history":[{"count":1,"href":"https:\/\/www.wir-in-winden.de\/index.php?rest_route=\/wp\/v2\/posts\/10495\/revisions"}],"predecessor-version":[{"id":10496,"href":"https:\/\/www.wir-in-winden.de\/index.php?rest_route=\/wp\/v2\/posts\/10495\/revisions\/10496"}],"wp:attachment":[{"href":"https:\/\/www.wir-in-winden.de\/index.php?rest_route=%2Fwp%2Fv2%2Fmedia&parent=10495"}],"wp:term":[{"taxonomy":"category","embeddable":true,"href":"https:\/\/www.wir-in-winden.de\/index.php?rest_route=%2Fwp%2Fv2%2Fcategories&post=10495"},{"taxonomy":"post_tag","embeddable":true,"href":"https:\/\/www.wir-in-winden.de\/index.php?rest_route=%2Fwp%2Fv2%2Ftags&post=10495"}],"curies":[{"name":"wp","href":"https:\/\/api.w.org\/{rel}","templated":true}]}}