{"id":10493,"date":"2022-04-04T13:43:55","date_gmt":"2022-04-04T11:43:55","guid":{"rendered":"http:\/\/www.wir-in-winden.de\/?p=10493"},"modified":"2022-04-04T13:43:55","modified_gmt":"2022-04-04T11:43:55","slug":"im-mai-will-der-gesangverein-wieder-proben","status":"publish","type":"post","link":"https:\/\/www.wir-in-winden.de\/?p=10493","title":{"rendered":"Im Mai will der Gesangverein wieder proben"},"content":{"rendered":"\n<p>Nachdem wegen der Pandemie im vergangenen Jahr keine Hauptversammlung des <strong>Gesangvereins<\/strong> stattfinden konnte, waren nunmehr fast alle Chormitglieder zur Jahreshauptversammlung mit Neuwahl des Vorstandes erschienen. <\/p>\n\n\n\n<p>Vorsitzende <strong>Brigitte M\u00fcller<\/strong> freute sich, dass nun nach zweij\u00e4hriger Singpause fast alle wieder an Bord waren. Fast zwei Jahre mit Ausnahme einer kurzen Probem\u00f6glichkeit im Herbst 2021 gab es wegen der Pandemie keine Chorproben mehr. Die letzte Veranstaltung des Vereins war die n\u00e4rrische Chorprobe am Rosenmontag 2020. Alle sonst geplanten Veranstaltungen des Vereins mussten abgesagt werden. <\/p>\n\n\n\n<p>Mit der Chorleiterin <strong>Hannah Kr\u00f6ner<\/strong> sowie der Vorsitzenden Brigitte M\u00fcller und dem Kassenverwalter Heinz-J\u00fcrgen Schl\u00f6sser hat der Verein in dieser kleinen Besetzung an verschiedenen Gottesdiensten in der Kirche mitgewirkt, um die Existenz des Chores in Erinnerung zu halten. Aus dem ausf\u00fchrlichen Kassenbericht des Kassenverwalters <strong>Heinz-J\u00fcrgen Schl\u00f6sser <\/strong>f\u00fcr die Jahre 2020 und 2021 konnten die anwesenden Vereinsmitglieder entnehmen, dass der Kassenbestand trotz Pandemie gewachsen ist. Die Gr\u00fcnde liegen im Ausfall der Miete f\u00fcr den Proberaum im Pfarrheim sowie dem Wegfall der Verg\u00fctung f\u00fcr die Dirigentin, die dankenswerter Weise in der Pandemie keinerlei Leistungen gefordert hat. Au\u00dferdem hat ein Zuschuss des Rhein-Lahn-Kreises und eine beachtliche Spende zum runden Geburtstag eines Vereinsmitgliedes die Kasse aufgebessert.<\/p>\n\n\n\n<p>Anfang Mai will der Chor wieder mit den Proben beginnen, im Herbst soll es dann wieder einen musikalischen Kaffee-Nachmittag geben, der in der Vergangenheit gro\u00dfen Anklang gefunden hatte. Auch das f\u00fcr den 27. November geplante Adventskonzert in der Kirche soll nach M\u00f6glichkeit wieder stattfinden.<\/p>\n\n\n\n<p>Bei der Neuwahl des Vorstandes wurden folgende Personen einstimmig wieder gew\u00e4hlt:<br>1. Vorsitzende: <strong>Brigitte M\u00fcller<\/strong>, 2. Vorsitzende: <strong>Carmen Hauff<\/strong>, Kassenwart: <strong>Heinz-J\u00fcrgen Schl\u00f6sser<\/strong> und 1. Beisitzer: <strong>Peter Odelga<\/strong>. Neu in den Vorstand wurden ebenfalls einstimmig <strong>Gabi Schneider<\/strong> als Schriftf\u00fchrerin und <strong>Herbert Minor <\/strong>als 2. Beisitzer gew\u00e4hlt. Diese beiden Positionen wurden frei, weil <strong>Helmut Kl\u00f6ckner<\/strong> als Schriftf\u00fchrer und<strong> Christa Rommersbach<\/strong> als 2. Beisitzerin aus pers\u00f6nlichen Gr\u00fcnden nicht mehr f\u00fcr diese \u00c4mter kandidiert hatten. Auch <strong>G\u00fcnter Wolf<\/strong>, der viele Jahre als Notenwart fungierte, verzichtete aus gesundheitlichen Gr\u00fcnden auf eine Wiederwahl.<br><\/p>\n","protected":false},"excerpt":{"rendered":"<p>Nachdem wegen der Pandemie im vergangenen Jahr keine Hauptversammlung des Gesangvereins stattfinden konnte, waren nunmehr fast alle Chormitglieder zur Jahreshauptversammlung mit Neuwahl des Vorstandes erschienen. Vorsitzende Brigitte M\u00fcller freute sich, dass nun nach zweij\u00e4hriger Singpause fast alle wieder an Bord waren. Fast zwei Jahre mit Ausnahme einer kurzen Probem\u00f6glichkeit im Herbst 2021 gab es wegen [&hellip;]<\/p>\n","protected":false},"author":1,"featured_media":0,"comment_status":"open","ping_status":"open","sticky":false,"template":"","format":"standard","meta":{"footnotes":""},"categories":[51],"tags":[],"class_list":["post-10493","post","type-post","status-publish","format-standard","hentry","category-gesangverein-winden"],"_links":{"self":[{"href":"https:\/\/www.wir-in-winden.de\/index.php?rest_route=\/wp\/v2\/posts\/10493","targetHints":{"allow":["GET"]}}],"collection":[{"href":"https:\/\/www.wir-in-winden.de\/index.php?rest_route=\/wp\/v2\/posts"}],"about":[{"href":"https:\/\/www.wir-in-winden.de\/index.php?rest_route=\/wp\/v2\/types\/post"}],"author":[{"embeddable":true,"href":"https:\/\/www.wir-in-winden.de\/index.php?rest_route=\/wp\/v2\/users\/1"}],"replies":[{"embeddable":true,"href":"https:\/\/www.wir-in-winden.de\/index.php?rest_route=%2Fwp%2Fv2%2Fcomments&post=10493"}],"version-history":[{"count":1,"href":"https:\/\/www.wir-in-winden.de\/index.php?rest_route=\/wp\/v2\/posts\/10493\/revisions"}],"predecessor-version":[{"id":10494,"href":"https:\/\/www.wir-in-winden.de\/index.php?rest_route=\/wp\/v2\/posts\/10493\/revisions\/10494"}],"wp:attachment":[{"href":"https:\/\/www.wir-in-winden.de\/index.php?rest_route=%2Fwp%2Fv2%2Fmedia&parent=10493"}],"wp:term":[{"taxonomy":"category","embeddable":true,"href":"https:\/\/www.wir-in-winden.de\/index.php?rest_route=%2Fwp%2Fv2%2Fcategories&post=10493"},{"taxonomy":"post_tag","embeddable":true,"href":"https:\/\/www.wir-in-winden.de\/index.php?rest_route=%2Fwp%2Fv2%2Ftags&post=10493"}],"curies":[{"name":"wp","href":"https:\/\/api.w.org\/{rel}","templated":true}]}}