{"id":9974,"date":"2021-05-07T09:13:02","date_gmt":"2021-05-07T07:13:02","guid":{"rendered":"http:\/\/www.wir-in-winden.de\/?p=9974"},"modified":"2021-05-07T09:18:42","modified_gmt":"2021-05-07T07:18:42","slug":"illegale-muellentsorgung-wird-geahndet","status":"publish","type":"post","link":"http:\/\/www.wir-in-winden.de\/?p=9974","title":{"rendered":"Illegale M\u00fcllentsorgung wird geahndet"},"content":{"rendered":"\n<p>Liebe Mitb\u00fcrgerinnen und Mitb\u00fcrger von Winden,<\/p>\n\n\n\n<div class=\"wp-block-image\"><figure class=\"alignright is-resized\"><img decoding=\"async\" src=\"http:\/\/www.wir-in-winden.de\/wp-content\/uploads\/2021\/05\/M\u00fcll_Winden-2-1024x905.jpg\" alt=\"\" class=\"wp-image-9984\" width=\"260\" srcset=\"http:\/\/www.wir-in-winden.de\/wp-content\/uploads\/2021\/05\/M\u00fcll_Winden-2-1024x905.jpg 1024w, http:\/\/www.wir-in-winden.de\/wp-content\/uploads\/2021\/05\/M\u00fcll_Winden-2-300x265.jpg 300w, http:\/\/www.wir-in-winden.de\/wp-content\/uploads\/2021\/05\/M\u00fcll_Winden-2-768x679.jpg 768w, http:\/\/www.wir-in-winden.de\/wp-content\/uploads\/2021\/05\/M\u00fcll_Winden-2.jpg 1199w\" sizes=\"(max-width: 1024px) 100vw, 1024px\" \/><\/figure><\/div>\n\n\n\n<div class=\"wp-block-image\"><figure class=\"alignright is-resized\"><img decoding=\"async\" src=\"http:\/\/www.wir-in-winden.de\/wp-content\/uploads\/2021\/05\/illegale-Sperrm\u00fclentsorgung-Winden-1024x683.jpg\" alt=\"\" class=\"wp-image-9975\" width=\"260\" srcset=\"http:\/\/www.wir-in-winden.de\/wp-content\/uploads\/2021\/05\/illegale-Sperrm\u00fclentsorgung-Winden-1024x683.jpg 1024w, http:\/\/www.wir-in-winden.de\/wp-content\/uploads\/2021\/05\/illegale-Sperrm\u00fclentsorgung-Winden-300x200.jpg 300w, http:\/\/www.wir-in-winden.de\/wp-content\/uploads\/2021\/05\/illegale-Sperrm\u00fclentsorgung-Winden-768x512.jpg 768w, http:\/\/www.wir-in-winden.de\/wp-content\/uploads\/2021\/05\/illegale-Sperrm\u00fclentsorgung-Winden.jpg 1500w\" sizes=\"(max-width: 1024px) 100vw, 1024px\" \/><\/figure><\/div>\n\n\n\n<p>in der letzten Zeit h\u00e4ufen sich die Anfragen, Anrufe und berechtigten Anzeigen der B\u00fcrger,&nbsp; dass \u00fcberall in unserer sch\u00f6nen Ortsgemeinde Winden wild M\u00fcll, Hundekotbeutel und sonstiger Unrat entsorgt wird.&nbsp;Das ist nicht nur ein unsch\u00f6ner Anblick, sondern ein trauriges Zeugnis der R\u00fccksichtslosigkeit einiger weniger. Egal ob es sich wie auf dem Bild um eine Schublade handelt oder um alte Autoreifen, Hauhaltsm\u00fcll oder Hundekot bzw. Hundekotbeutel. Illegale M\u00fcllentsorgung kann f\u00fcr T\u00e4ter und insbesondere Wiederholungst\u00e4ter teuer werden. Unsere Ortsgemeinde gibt viel Geld f\u00fcr Stationen\/Hundekotbeutel aus.&nbsp;Der Hundekot kann durch eine DNA-Analyse im Labor Auskunft \u00fcber das&nbsp;<strong>Tier<\/strong>&nbsp;geben. Durch eine zuvor abgenommene DNA-Probe des Tiers kann im Vergleich auch das Herrchen ausfindig gemacht werden, das die Hinterlassenschaften seines Hundes nicht beseitigte.&nbsp;<br>Aufgrund der H\u00e4ufung dieser F\u00e4lle ist die Ortsgemeinder gezwungen, in Zukunft solche Sachverhalte&nbsp; zur Anzeige zu bringen.<\/p>\n\n\n\n<p><br><strong>Stefan Mertlich<\/strong>, Ortsb\u00fcrgermeister Winden <\/p>\n","protected":false},"excerpt":{"rendered":"<p>Liebe Mitb\u00fcrgerinnen und Mitb\u00fcrger von Winden, in der letzten Zeit h\u00e4ufen sich die Anfragen, Anrufe und berechtigten Anzeigen der B\u00fcrger,&nbsp; dass \u00fcberall in unserer sch\u00f6nen Ortsgemeinde Winden wild M\u00fcll, Hundekotbeutel und sonstiger Unrat entsorgt wird.&nbsp;Das ist nicht nur ein unsch\u00f6ner Anblick, sondern ein trauriges Zeugnis der R\u00fccksichtslosigkeit einiger weniger. Egal ob es sich wie auf [&hellip;]<\/p>\n","protected":false},"author":1,"featured_media":0,"comment_status":"open","ping_status":"open","sticky":false,"template":"","format":"standard","meta":{"footnotes":""},"categories":[7],"tags":[],"class_list":["post-9974","post","type-post","status-publish","format-standard","hentry","category-allgemein"],"_links":{"self":[{"href":"http:\/\/www.wir-in-winden.de\/index.php?rest_route=\/wp\/v2\/posts\/9974","targetHints":{"allow":["GET"]}}],"collection":[{"href":"http:\/\/www.wir-in-winden.de\/index.php?rest_route=\/wp\/v2\/posts"}],"about":[{"href":"http:\/\/www.wir-in-winden.de\/index.php?rest_route=\/wp\/v2\/types\/post"}],"author":[{"embeddable":true,"href":"http:\/\/www.wir-in-winden.de\/index.php?rest_route=\/wp\/v2\/users\/1"}],"replies":[{"embeddable":true,"href":"http:\/\/www.wir-in-winden.de\/index.php?rest_route=%2Fwp%2Fv2%2Fcomments&post=9974"}],"version-history":[{"count":7,"href":"http:\/\/www.wir-in-winden.de\/index.php?rest_route=\/wp\/v2\/posts\/9974\/revisions"}],"predecessor-version":[{"id":9986,"href":"http:\/\/www.wir-in-winden.de\/index.php?rest_route=\/wp\/v2\/posts\/9974\/revisions\/9986"}],"wp:attachment":[{"href":"http:\/\/www.wir-in-winden.de\/index.php?rest_route=%2Fwp%2Fv2%2Fmedia&parent=9974"}],"wp:term":[{"taxonomy":"category","embeddable":true,"href":"http:\/\/www.wir-in-winden.de\/index.php?rest_route=%2Fwp%2Fv2%2Fcategories&post=9974"},{"taxonomy":"post_tag","embeddable":true,"href":"http:\/\/www.wir-in-winden.de\/index.php?rest_route=%2Fwp%2Fv2%2Ftags&post=9974"}],"curies":[{"name":"wp","href":"https:\/\/api.w.org\/{rel}","templated":true}]}}