{"id":8885,"date":"2019-02-28T20:42:08","date_gmt":"2019-02-28T18:42:08","guid":{"rendered":"http:\/\/www.wir-in-winden.de\/?p=8885"},"modified":"2019-02-28T20:42:30","modified_gmt":"2019-02-28T18:42:30","slug":"hauptversammlung-des-feuerwehr-foerdervereins","status":"publish","type":"post","link":"http:\/\/www.wir-in-winden.de\/?p=8885","title":{"rendered":"Versammlung des Feuerwehr-F\u00f6rdervereins"},"content":{"rendered":"<p>Die Jahreshauptversammlung des <strong>Vereins der Freunde und F\u00f6rderer der Freiwilligen Feuerwehr Winden<\/strong>\u00a0 findet am <strong>Freitag, 22. M\u00e4rz,\u00a0um 19 Uhr\u00a0<\/strong>im\u00a0<strong>Pfarrheim Winden<\/strong>, Hahnenstra\u00dfe,\u00a0statt. Auf der Tagesordnung stehen unter anderem\u00a0Berichte des Schriftf\u00fchrers,\u00a0des Wehrf\u00fchrers und des Jugendwarts sowie die Jahresbilanz des Kassierers und der\u00a0Bericht der Kassenpr\u00fcfer mit Antrag auf Entlastung des Vorstandes.\u00a0W\u00fcnsche, Antr\u00e4ge und &#8222;Verschiedenes&#8220; beschlie\u00dfen die Sitzung.\u00a0\u00dcber Antr\u00e4ge auf Erg\u00e4nzung der Tagesordnung, die in der Mitgliederversammlung gestellt werden, beschlie\u00dft die Versammlung.<\/p>\n","protected":false},"excerpt":{"rendered":"<p>Die Jahreshauptversammlung des Vereins der Freunde und F\u00f6rderer der Freiwilligen Feuerwehr Winden\u00a0 findet am Freitag, 22. M\u00e4rz,\u00a0um 19 Uhr\u00a0im\u00a0Pfarrheim Winden, Hahnenstra\u00dfe,\u00a0statt. Auf der Tagesordnung stehen unter anderem\u00a0Berichte des Schriftf\u00fchrers,\u00a0des Wehrf\u00fchrers und des Jugendwarts sowie die Jahresbilanz des Kassierers und der\u00a0Bericht der Kassenpr\u00fcfer mit Antrag auf Entlastung des Vorstandes.\u00a0W\u00fcnsche, Antr\u00e4ge und &#8222;Verschiedenes&#8220; beschlie\u00dfen die Sitzung.\u00a0\u00dcber Antr\u00e4ge [&hellip;]<\/p>\n","protected":false},"author":1,"featured_media":0,"comment_status":"open","ping_status":"open","sticky":false,"template":"","format":"standard","meta":{"footnotes":""},"categories":[9],"tags":[],"class_list":["post-8885","post","type-post","status-publish","format-standard","hentry","category-feuerwehr"],"_links":{"self":[{"href":"http:\/\/www.wir-in-winden.de\/index.php?rest_route=\/wp\/v2\/posts\/8885","targetHints":{"allow":["GET"]}}],"collection":[{"href":"http:\/\/www.wir-in-winden.de\/index.php?rest_route=\/wp\/v2\/posts"}],"about":[{"href":"http:\/\/www.wir-in-winden.de\/index.php?rest_route=\/wp\/v2\/types\/post"}],"author":[{"embeddable":true,"href":"http:\/\/www.wir-in-winden.de\/index.php?rest_route=\/wp\/v2\/users\/1"}],"replies":[{"embeddable":true,"href":"http:\/\/www.wir-in-winden.de\/index.php?rest_route=%2Fwp%2Fv2%2Fcomments&post=8885"}],"version-history":[{"count":2,"href":"http:\/\/www.wir-in-winden.de\/index.php?rest_route=\/wp\/v2\/posts\/8885\/revisions"}],"predecessor-version":[{"id":8887,"href":"http:\/\/www.wir-in-winden.de\/index.php?rest_route=\/wp\/v2\/posts\/8885\/revisions\/8887"}],"wp:attachment":[{"href":"http:\/\/www.wir-in-winden.de\/index.php?rest_route=%2Fwp%2Fv2%2Fmedia&parent=8885"}],"wp:term":[{"taxonomy":"category","embeddable":true,"href":"http:\/\/www.wir-in-winden.de\/index.php?rest_route=%2Fwp%2Fv2%2Fcategories&post=8885"},{"taxonomy":"post_tag","embeddable":true,"href":"http:\/\/www.wir-in-winden.de\/index.php?rest_route=%2Fwp%2Fv2%2Ftags&post=8885"}],"curies":[{"name":"wp","href":"https:\/\/api.w.org\/{rel}","templated":true}]}}