{"id":7892,"date":"2017-10-05T07:50:40","date_gmt":"2017-10-05T05:50:40","guid":{"rendered":"http:\/\/www.wir-in-winden.de\/?p=7892"},"modified":"2017-10-05T07:52:48","modified_gmt":"2017-10-05T05:52:48","slug":"apfelsaft-frisch-aus-der-resse","status":"publish","type":"post","link":"http:\/\/www.wir-in-winden.de\/?p=7892","title":{"rendered":"Apfelsaft frisch aus der Presse"},"content":{"rendered":"<p>Die automatische Apfelpresse steht am <strong>Samstag, 28. Oktober, ab 8 Uhr<\/strong> auf dem <strong>Parkplatz des B\u00fcrgerhauses<\/strong>. Die mitgebrachten \u00c4pfel k\u00f6nnen dann gegen kleines Entgelt zu Apfelsaft gepresst werden. Somit haben die B\u00fcrger die M\u00f6glichkeit, aus ihren eigenen \u00c4pfeln einen leckeren Direktsaft herzustellen. Besser geht es nicht! Gr\u00f6\u00dfere Mengen an \u00c4pfeln bitte direkt unter www.mobile-saftpresse-westerwald.de anmelden.<\/p>\n","protected":false},"excerpt":{"rendered":"<p>Die automatische Apfelpresse steht am Samstag, 28. Oktober, ab 8 Uhr auf dem Parkplatz des B\u00fcrgerhauses. Die mitgebrachten \u00c4pfel k\u00f6nnen dann gegen kleines Entgelt zu Apfelsaft gepresst werden. Somit haben die B\u00fcrger die M\u00f6glichkeit, aus ihren eigenen \u00c4pfeln einen leckeren Direktsaft herzustellen. Besser geht es nicht! Gr\u00f6\u00dfere Mengen an \u00c4pfeln bitte direkt unter www.mobile-saftpresse-westerwald.de anmelden.<\/p>\n","protected":false},"author":1,"featured_media":0,"comment_status":"open","ping_status":"open","sticky":false,"template":"","format":"standard","meta":{"footnotes":""},"categories":[7],"tags":[],"class_list":["post-7892","post","type-post","status-publish","format-standard","hentry","category-allgemein"],"_links":{"self":[{"href":"http:\/\/www.wir-in-winden.de\/index.php?rest_route=\/wp\/v2\/posts\/7892","targetHints":{"allow":["GET"]}}],"collection":[{"href":"http:\/\/www.wir-in-winden.de\/index.php?rest_route=\/wp\/v2\/posts"}],"about":[{"href":"http:\/\/www.wir-in-winden.de\/index.php?rest_route=\/wp\/v2\/types\/post"}],"author":[{"embeddable":true,"href":"http:\/\/www.wir-in-winden.de\/index.php?rest_route=\/wp\/v2\/users\/1"}],"replies":[{"embeddable":true,"href":"http:\/\/www.wir-in-winden.de\/index.php?rest_route=%2Fwp%2Fv2%2Fcomments&post=7892"}],"version-history":[{"count":2,"href":"http:\/\/www.wir-in-winden.de\/index.php?rest_route=\/wp\/v2\/posts\/7892\/revisions"}],"predecessor-version":[{"id":7894,"href":"http:\/\/www.wir-in-winden.de\/index.php?rest_route=\/wp\/v2\/posts\/7892\/revisions\/7894"}],"wp:attachment":[{"href":"http:\/\/www.wir-in-winden.de\/index.php?rest_route=%2Fwp%2Fv2%2Fmedia&parent=7892"}],"wp:term":[{"taxonomy":"category","embeddable":true,"href":"http:\/\/www.wir-in-winden.de\/index.php?rest_route=%2Fwp%2Fv2%2Fcategories&post=7892"},{"taxonomy":"post_tag","embeddable":true,"href":"http:\/\/www.wir-in-winden.de\/index.php?rest_route=%2Fwp%2Fv2%2Ftags&post=7892"}],"curies":[{"name":"wp","href":"https:\/\/api.w.org\/{rel}","templated":true}]}}