{"id":7550,"date":"2017-02-18T19:07:28","date_gmt":"2017-02-18T17:07:28","guid":{"rendered":"http:\/\/www.wir-in-winden.de\/?p=7550"},"modified":"2017-02-18T19:13:53","modified_gmt":"2017-02-18T17:13:53","slug":"windener-narren-zogen-maechtig-vom-leder","status":"publish","type":"post","link":"http:\/\/www.wir-in-winden.de\/?p=7550","title":{"rendered":"Windener Narren zogen m\u00e4chtig vom Leder"},"content":{"rendered":"<p><a href=\"http:\/\/www.wir-in-winden.de\/wp-content\/uploads\/2017\/02\/windenkappen_Turnerfrauen-2.jpg\"><img loading=\"lazy\" decoding=\"async\" class=\"alignnone wp-image-7561\" src=\"http:\/\/www.wir-in-winden.de\/wp-content\/uploads\/2017\/02\/windenkappen_Turnerfrauen-2.jpg\" alt=\"\" width=\"503\" height=\"265\" srcset=\"http:\/\/www.wir-in-winden.de\/wp-content\/uploads\/2017\/02\/windenkappen_Turnerfrauen-2.jpg 886w, http:\/\/www.wir-in-winden.de\/wp-content\/uploads\/2017\/02\/windenkappen_Turnerfrauen-2-300x158.jpg 300w\" sizes=\"auto, (max-width: 503px) 100vw, 503px\" \/><\/a><\/p>\n<p>Ein Feuerwerk der guten Laune haben die Windener Narren bei ihrer Kappensitzung abgebrannt. Um 19.11 Uhr er\u00f6ffneten die <strong>\u201eLittle Dancer\u201c des TSC Schwarz-wei\u00df Winden<\/strong> das Programm. Die Kinder traten mit dem Tanz \u201eZauberhafte Welt von Aladin\u201c als entz\u00fcckende Haremsdamen und kleine Aladins auf. Erstaunlich, mit welcher Koordination und Sicherheit die j\u00fcngsten T\u00e4nzer die B\u00fchne beherrschen.<\/p>\n<p>Danach heizte <strong>Felix Falterbaum<\/strong>\u00a0mit seinem Einmarsch das Publikum an. Er k\u00fcndigte <!--more--><\/p>\n<p>in B\u00fcttenredner-Manier die Kinderkappensitzung an und gab einen Poetry-Slam (auswendig!) zum besten. Hut ab ! Direkt im Anschluss stand sein Vater <strong>Markus Falterbaum<\/strong> zusammen mit <strong>Markus R\u00fcbsamen<\/strong> als Imitation des Colonia-Duetts auf der B\u00fchne. Markus und Markus &#8211; wie bereits im vergangenen Jahr mussten die Narren im Saal immer auch zwischen die Zeilen h\u00f6ren. Die beiden waren absolut sehenswert.<\/p>\n<p>Ganz ohne Worte kamen <strong>Tanja Ewerth<\/strong> und <strong>Carmen Rommersbach<\/strong> aus. Sie fingen die Gedanken des B\u00fcrgermeisters ein und kommunizierten auf ganz eigene Art miteinander und mit dem Publikum. Dieses war nur durch das geschriebene Wort fasziniert. Eine super Idee!<\/p>\n<p>Es folgten die <strong>TSC \u201ePower Girls\u201c<\/strong> mit dem Tanz \u201eSweet Mexican Chicas\u201c. Hei\u00dfe s\u00fcdamerikanische Rhythmen heizten dem Publikum ordentlich ein und pr\u00e4sentierte das ganze K\u00f6nnen der Power Girls. <strong>Roland Dennebaum<\/strong> und <strong>Silke Richter<\/strong> bekamen den Rhein-Zeitungs-Orden f\u00fcr ihre langj\u00e4hrige Hilfe bei den Kappensitzungen. Beide sind keine B\u00fcttenredner oder \u201eFassenachter\u201c im eigentlichen Sinne, helfen aber seit zehn und mehr Jahren in der Organisation, an der Kasse, in der K\u00fcche, beim Aufr\u00e4umen und vielem mehr. Wie wichtig diese Helfer sind, zeigte sich erst in diesem Jahr wieder, da bis kurz vor der Sitzung noch Helfer gesucht wurden, um die Veranstaltung durchf\u00fchren zu k\u00f6nnen.<\/p>\n<p>Ein karnevalistischer Top-Act beendete dann die erste H\u00e4lfte der Sitzung. <strong>Rita Linscheid<\/strong> und <strong>Jutta Handwerker<\/strong> in den Rollen von &#8222;Us Marie und et Gertrudche&#8220; mit ihrer hormonellen Reise durch das Leben einer Frau. Ob erste Liebe, Geburt oder Hitzewallung, es wurde mit bekannten Liedern besungen und grandios dargeboten.<\/p>\n<p>Direkt nach der Pause lie\u00df <strong>Gebhard Linscheid<\/strong> die Puppen tanzen. Das hatten <strong>Bernd Wagner<\/strong> und <strong>Christian Gross<\/strong> (\u2026ein Nassauer auf Windener B\u00fchne\u2026) sich am Anfang des Abends nicht vorgestellt, dass Sie noch zu einen Einsatz kommen w\u00fcrden. Aber sie wurden von Gebhard, dem Bauchredner und <strong>Rita und Jan-Peter Linscheid<\/strong> als seine Stimmen sehr sch\u00f6n in Szene gesetzt und machten den Spa\u00df auch mit Freude mit.<\/p>\n<p>Die <strong>Turnerfrauen<\/strong> sind alle auf einen Schlag ergraut und begeisterten mit Ihren \u201eRollatoren\u201c als r\u00fcstige Omas. Doch als die Musik wechselte und k\u00f6lsche T\u00f6ne erklangen, wurde das Omakleid ruck-zuck abgeworfen und in flotten Charleston-Fummeln eine kesse Sohle aufs Parkett gelegt. Der Beweis des Namens \u201eImmerfit\u201c wurde somit erbracht. Danach folgte ein von vielen sehnlich erwartetes Highlight der Sitzung: <strong>Beate Eschenauer<\/strong> und <strong>Sandra Eifler<\/strong> als Margot und Lisbeth. Sie waren im Urlaub in Kroatien auf einen FKK-Campingplatz geraten und sangen, wie manch ein Profi es nicht vermag. Chapeau: Kost\u00fcm, Rede, Gesang \u2013 hier stimmte alles &#8211; gro\u00dfartige Leistung!<\/p>\n<p>Das <strong>Donner-Ballett<\/strong> fegte mit \u201eTarzan und Jane\u201c \u00fcber die B\u00fchne. Neuling <strong>Dennis Wolter<\/strong> schwang am Seil als echter Hingucker-Tarzan \u00fcber die B\u00fchne und gab damit direkt einen famosen Einstand. <strong>Udo Richter<\/strong> als englische Lady Jane hielt dann die restlichen sechs Affen im Zaum, die in ihren pl\u00fcschigen Kost\u00fcmen alles gaben. Eine tolle Nummer. Und als traditioneller Abschluss der Sitzung tobten die <strong>TSC-T\u00e4nzer<\/strong> der Gruppe <strong>&#8222;In Motion\u201c<\/strong> als Aliens \u00fcber die B\u00fchne. Mit ihrem Tanz \u201eSie sind unter uns\u201c rockten sie das B\u00fcrgerhaus. Manch einer hielt bei den Hebefiguren oder den Wurfnummern den Atem an.<\/p>\n<p>Sowohl die \u201ePower Girls\u201c, als auch die \u201eIn Motions\u201c verabschiedeten ihre langj\u00e4hrige Trainerin <strong>Anke Lehmler<\/strong>, die bereits angek\u00fcndigt hatte, dass sie nach dieser Saison als Trainerin aufh\u00f6rt. Der Klassiker \u201eDanke-Anke\u201c erschallte somit dieses Jahr zum letzten Mal. Den ganzen Abend und auch noch nach dem Programm spielten die <strong>Lahntal-Musikanten<\/strong> auf und bereiteten den Besuchern der Kappensitzung viel Freude. F\u00fcr Licht und Technik war die Firma \u201eMy Fire\u201c zust\u00e4ndig, die diese Aufgabe auch engagiert und kompetent gel\u00f6st hat. Versiert und bestens vorbereitet f\u00fchrte <strong>Sonja Schwaderlapp<\/strong> durch das Programm und machte die einzelnen Punkte damit zu einer runden Sache. Sie entwickelt sich zu einem wahren Urgestein der Windener Fassenacht.<\/p>\n<p>Darauf ein dreifaches \u201eWinne Helau\u201c<\/p>\n<p><a href=\"http:\/\/www.wir-in-winden.de\/wp-content\/uploads\/2017\/02\/windenkappen_Puppenspieler2.jpg\"><img loading=\"lazy\" decoding=\"async\" class=\"alignnone wp-image-7569\" src=\"http:\/\/www.wir-in-winden.de\/wp-content\/uploads\/2017\/02\/windenkappen_Puppenspieler2.jpg\" alt=\"\" width=\"500\" height=\"352\" srcset=\"http:\/\/www.wir-in-winden.de\/wp-content\/uploads\/2017\/02\/windenkappen_Puppenspieler2.jpg 886w, http:\/\/www.wir-in-winden.de\/wp-content\/uploads\/2017\/02\/windenkappen_Puppenspieler2-300x211.jpg 300w\" sizes=\"auto, (max-width: 500px) 100vw, 500px\" \/><\/a><\/p>\n<p>&nbsp;<\/p>\n<p><a href=\"http:\/\/www.wir-in-winden.de\/wp-content\/uploads\/2017\/02\/Windenkappen_Aladin.jpg\"><img loading=\"lazy\" decoding=\"async\" class=\"alignnone wp-image-7554\" src=\"http:\/\/www.wir-in-winden.de\/wp-content\/uploads\/2017\/02\/Windenkappen_Aladin.jpg\" alt=\"\" width=\"500\" height=\"337\" srcset=\"http:\/\/www.wir-in-winden.de\/wp-content\/uploads\/2017\/02\/Windenkappen_Aladin.jpg 886w, http:\/\/www.wir-in-winden.de\/wp-content\/uploads\/2017\/02\/Windenkappen_Aladin-300x202.jpg 300w\" sizes=\"auto, (max-width: 500px) 100vw, 500px\" \/><\/a><\/p>\n<p><a href=\"http:\/\/www.wir-in-winden.de\/wp-content\/uploads\/2017\/02\/windenkappen_Felix.jpg\"><img loading=\"lazy\" decoding=\"async\" class=\"alignnone wp-image-7555 size-full\" src=\"http:\/\/www.wir-in-winden.de\/wp-content\/uploads\/2017\/02\/windenkappen_Felix.jpg\" alt=\"\" width=\"490\" height=\"886\" srcset=\"http:\/\/www.wir-in-winden.de\/wp-content\/uploads\/2017\/02\/windenkappen_Felix.jpg 490w, http:\/\/www.wir-in-winden.de\/wp-content\/uploads\/2017\/02\/windenkappen_Felix-166x300.jpg 166w\" sizes=\"auto, (max-width: 490px) 100vw, 490px\" \/><\/a><\/p>\n<p><a href=\"http:\/\/www.wir-in-winden.de\/wp-content\/uploads\/2017\/02\/windenkappen_Margot-und-Lisbeth.jpg\"><img loading=\"lazy\" decoding=\"async\" class=\"alignnone wp-image-7556\" src=\"http:\/\/www.wir-in-winden.de\/wp-content\/uploads\/2017\/02\/windenkappen_Margot-und-Lisbeth.jpg\" alt=\"\" width=\"500\" height=\"420\" srcset=\"http:\/\/www.wir-in-winden.de\/wp-content\/uploads\/2017\/02\/windenkappen_Margot-und-Lisbeth.jpg 886w, http:\/\/www.wir-in-winden.de\/wp-content\/uploads\/2017\/02\/windenkappen_Margot-und-Lisbeth-300x252.jpg 300w\" sizes=\"auto, (max-width: 500px) 100vw, 500px\" \/><\/a><\/p>\n<p><a href=\"http:\/\/www.wir-in-winden.de\/wp-content\/uploads\/2017\/02\/windenkappen_Markus-ud-Markus.jpg\"><img loading=\"lazy\" decoding=\"async\" class=\"alignnone wp-image-7557\" src=\"http:\/\/www.wir-in-winden.de\/wp-content\/uploads\/2017\/02\/windenkappen_Markus-ud-Markus.jpg\" alt=\"\" width=\"500\" height=\"561\" srcset=\"http:\/\/www.wir-in-winden.de\/wp-content\/uploads\/2017\/02\/windenkappen_Markus-ud-Markus.jpg 789w, http:\/\/www.wir-in-winden.de\/wp-content\/uploads\/2017\/02\/windenkappen_Markus-ud-Markus-267x300.jpg 267w\" sizes=\"auto, (max-width: 500px) 100vw, 500px\" \/><\/a><\/p>\n<p>&nbsp;<\/p>\n<p><a href=\"http:\/\/www.wir-in-winden.de\/wp-content\/uploads\/2017\/02\/windenkappen_Us-Marie-un-et-Gertrudche.jpg\"><img loading=\"lazy\" decoding=\"async\" class=\"alignnone wp-image-7563\" src=\"http:\/\/www.wir-in-winden.de\/wp-content\/uploads\/2017\/02\/windenkappen_Us-Marie-un-et-Gertrudche.jpg\" alt=\"\" width=\"500\" height=\"514\" srcset=\"http:\/\/www.wir-in-winden.de\/wp-content\/uploads\/2017\/02\/windenkappen_Us-Marie-un-et-Gertrudche.jpg 886w, http:\/\/www.wir-in-winden.de\/wp-content\/uploads\/2017\/02\/windenkappen_Us-Marie-un-et-Gertrudche-292x300.jpg 292w\" sizes=\"auto, (max-width: 500px) 100vw, 500px\" \/><\/a><\/p>\n<p><a href=\"http:\/\/www.wir-in-winden.de\/wp-content\/uploads\/2017\/02\/windenkappen_Turnerfrauen.jpg\"><img loading=\"lazy\" decoding=\"async\" class=\"alignnone wp-image-7562\" src=\"http:\/\/www.wir-in-winden.de\/wp-content\/uploads\/2017\/02\/windenkappen_Turnerfrauen.jpg\" alt=\"\" width=\"500\" height=\"227\" srcset=\"http:\/\/www.wir-in-winden.de\/wp-content\/uploads\/2017\/02\/windenkappen_Turnerfrauen.jpg 886w, http:\/\/www.wir-in-winden.de\/wp-content\/uploads\/2017\/02\/windenkappen_Turnerfrauen-300x136.jpg 300w\" sizes=\"auto, (max-width: 500px) 100vw, 500px\" \/><\/a><\/p>\n<p><a href=\"http:\/\/www.wir-in-winden.de\/wp-content\/uploads\/2017\/02\/windenkappen_Tarzan-und-Jane.jpg\"><img loading=\"lazy\" decoding=\"async\" class=\"alignnone wp-image-7560\" src=\"http:\/\/www.wir-in-winden.de\/wp-content\/uploads\/2017\/02\/windenkappen_Tarzan-und-Jane.jpg\" alt=\"\" width=\"500\" height=\"732\" srcset=\"http:\/\/www.wir-in-winden.de\/wp-content\/uploads\/2017\/02\/windenkappen_Tarzan-und-Jane.jpg 886w, http:\/\/www.wir-in-winden.de\/wp-content\/uploads\/2017\/02\/windenkappen_Tarzan-und-Jane-205x300.jpg 205w, http:\/\/www.wir-in-winden.de\/wp-content\/uploads\/2017\/02\/windenkappen_Tarzan-und-Jane-699x1024.jpg 699w\" sizes=\"auto, (max-width: 500px) 100vw, 500px\" \/><\/a><\/p>\n<p><a href=\"http:\/\/www.wir-in-winden.de\/wp-content\/uploads\/2017\/02\/windenkappen_Sweet-Mexican-Chiccas.jpg\"><img loading=\"lazy\" decoding=\"async\" class=\"alignnone wp-image-7559\" src=\"http:\/\/www.wir-in-winden.de\/wp-content\/uploads\/2017\/02\/windenkappen_Sweet-Mexican-Chiccas.jpg\" alt=\"\" width=\"500\" height=\"365\" srcset=\"http:\/\/www.wir-in-winden.de\/wp-content\/uploads\/2017\/02\/windenkappen_Sweet-Mexican-Chiccas.jpg 886w, http:\/\/www.wir-in-winden.de\/wp-content\/uploads\/2017\/02\/windenkappen_Sweet-Mexican-Chiccas-300x219.jpg 300w\" sizes=\"auto, (max-width: 500px) 100vw, 500px\" \/><\/a><\/p>\n<p>&nbsp;<\/p>\n","protected":false},"excerpt":{"rendered":"<p>Ein Feuerwerk der guten Laune haben die Windener Narren bei ihrer Kappensitzung abgebrannt. Um 19.11 Uhr er\u00f6ffneten die \u201eLittle Dancer\u201c des TSC Schwarz-wei\u00df Winden das Programm. Die Kinder traten mit dem Tanz \u201eZauberhafte Welt von Aladin\u201c als entz\u00fcckende Haremsdamen und kleine Aladins auf. Erstaunlich, mit welcher Koordination und Sicherheit die j\u00fcngsten T\u00e4nzer die B\u00fchne beherrschen. [&hellip;]<\/p>\n","protected":false},"author":1,"featured_media":0,"comment_status":"open","ping_status":"open","sticky":false,"template":"","format":"standard","meta":{"footnotes":""},"categories":[68],"tags":[],"class_list":["post-7550","post","type-post","status-publish","format-standard","hentry","category-karneval"],"_links":{"self":[{"href":"http:\/\/www.wir-in-winden.de\/index.php?rest_route=\/wp\/v2\/posts\/7550","targetHints":{"allow":["GET"]}}],"collection":[{"href":"http:\/\/www.wir-in-winden.de\/index.php?rest_route=\/wp\/v2\/posts"}],"about":[{"href":"http:\/\/www.wir-in-winden.de\/index.php?rest_route=\/wp\/v2\/types\/post"}],"author":[{"embeddable":true,"href":"http:\/\/www.wir-in-winden.de\/index.php?rest_route=\/wp\/v2\/users\/1"}],"replies":[{"embeddable":true,"href":"http:\/\/www.wir-in-winden.de\/index.php?rest_route=%2Fwp%2Fv2%2Fcomments&post=7550"}],"version-history":[{"count":8,"href":"http:\/\/www.wir-in-winden.de\/index.php?rest_route=\/wp\/v2\/posts\/7550\/revisions"}],"predecessor-version":[{"id":7570,"href":"http:\/\/www.wir-in-winden.de\/index.php?rest_route=\/wp\/v2\/posts\/7550\/revisions\/7570"}],"wp:attachment":[{"href":"http:\/\/www.wir-in-winden.de\/index.php?rest_route=%2Fwp%2Fv2%2Fmedia&parent=7550"}],"wp:term":[{"taxonomy":"category","embeddable":true,"href":"http:\/\/www.wir-in-winden.de\/index.php?rest_route=%2Fwp%2Fv2%2Fcategories&post=7550"},{"taxonomy":"post_tag","embeddable":true,"href":"http:\/\/www.wir-in-winden.de\/index.php?rest_route=%2Fwp%2Fv2%2Ftags&post=7550"}],"curies":[{"name":"wp","href":"https:\/\/api.w.org\/{rel}","templated":true}]}}