{"id":7529,"date":"2017-01-19T08:47:15","date_gmt":"2017-01-19T06:47:15","guid":{"rendered":"http:\/\/www.wir-in-winden.de\/?p=7529"},"modified":"2017-01-19T11:20:59","modified_gmt":"2017-01-19T09:20:59","slug":"kinderkappensitzung-ist-gerettet","status":"publish","type":"post","link":"http:\/\/www.wir-in-winden.de\/?p=7529","title":{"rendered":"Kinderkarneval ist gerettet"},"content":{"rendered":"<p>Fast hatte es so ausgesehen, dass die Windener\u00a0<strong>Kinderkarnevalssitzung<\/strong> nach rund 30 Jahren ihrer Existenz das Zeitliche segnen k\u00f6nnte. Jetzt aber zeichnet sich ab, dass die Traditionsveranstaltung der Windener Fastnacht gerettet ist: Wie die Rhein-Lahn-Zeitung heute berichtet, haben sich vier junge M\u00fctter im Ort bereit erkl\u00e4rt, bei der Veranstaltung am <strong>Samstag, 18. Februar, 15.11 Uhr<\/strong> (Einlass 14.11 Uhr) im <strong>B\u00fcrgerhaus<\/strong> mitzuwirken. Damit erhalten die Organisatorinnen \u00a0<strong>Silke Klos<\/strong> und <strong>Andrea Kurth<\/strong> die Unterst\u00fctzung, die notwendig ist, um den Windener Kinderkarneval weiterhin auszurichten. F\u00fcnf bis sechs Programmnummern stehen bereits fest, weitere Beitr\u00e4ge sind willkommen. Wermutstropfen: Einen Elferrat gibt es nicht mehr, ebenso wenig ein Kinderprinzenpaar.<\/p>\n","protected":false},"excerpt":{"rendered":"<p>Fast hatte es so ausgesehen, dass die Windener\u00a0Kinderkarnevalssitzung nach rund 30 Jahren ihrer Existenz das Zeitliche segnen k\u00f6nnte. Jetzt aber zeichnet sich ab, dass die Traditionsveranstaltung der Windener Fastnacht gerettet ist: Wie die Rhein-Lahn-Zeitung heute berichtet, haben sich vier junge M\u00fctter im Ort bereit erkl\u00e4rt, bei der Veranstaltung am Samstag, 18. Februar, 15.11 Uhr (Einlass [&hellip;]<\/p>\n","protected":false},"author":1,"featured_media":0,"comment_status":"open","ping_status":"open","sticky":false,"template":"","format":"standard","meta":{"footnotes":""},"categories":[68],"tags":[],"class_list":["post-7529","post","type-post","status-publish","format-standard","hentry","category-karneval"],"_links":{"self":[{"href":"http:\/\/www.wir-in-winden.de\/index.php?rest_route=\/wp\/v2\/posts\/7529","targetHints":{"allow":["GET"]}}],"collection":[{"href":"http:\/\/www.wir-in-winden.de\/index.php?rest_route=\/wp\/v2\/posts"}],"about":[{"href":"http:\/\/www.wir-in-winden.de\/index.php?rest_route=\/wp\/v2\/types\/post"}],"author":[{"embeddable":true,"href":"http:\/\/www.wir-in-winden.de\/index.php?rest_route=\/wp\/v2\/users\/1"}],"replies":[{"embeddable":true,"href":"http:\/\/www.wir-in-winden.de\/index.php?rest_route=%2Fwp%2Fv2%2Fcomments&post=7529"}],"version-history":[{"count":3,"href":"http:\/\/www.wir-in-winden.de\/index.php?rest_route=\/wp\/v2\/posts\/7529\/revisions"}],"predecessor-version":[{"id":7532,"href":"http:\/\/www.wir-in-winden.de\/index.php?rest_route=\/wp\/v2\/posts\/7529\/revisions\/7532"}],"wp:attachment":[{"href":"http:\/\/www.wir-in-winden.de\/index.php?rest_route=%2Fwp%2Fv2%2Fmedia&parent=7529"}],"wp:term":[{"taxonomy":"category","embeddable":true,"href":"http:\/\/www.wir-in-winden.de\/index.php?rest_route=%2Fwp%2Fv2%2Fcategories&post=7529"},{"taxonomy":"post_tag","embeddable":true,"href":"http:\/\/www.wir-in-winden.de\/index.php?rest_route=%2Fwp%2Fv2%2Ftags&post=7529"}],"curies":[{"name":"wp","href":"https:\/\/api.w.org\/{rel}","templated":true}]}}