{"id":7378,"date":"2016-10-31T08:32:05","date_gmt":"2016-10-31T06:32:05","guid":{"rendered":"http:\/\/www.wir-in-winden.de\/?p=7378"},"modified":"2016-10-31T08:38:14","modified_gmt":"2016-10-31T06:38:14","slug":"1000-liter-apfelsaft-frisch-vom-baum","status":"publish","type":"post","link":"http:\/\/www.wir-in-winden.de\/?p=7378","title":{"rendered":"1000 Liter Apfelsaft frisch vom Baum"},"content":{"rendered":"<div id=\"attachment_7379\" style=\"width: 511px\" class=\"wp-caption alignnone\"><a href=\"http:\/\/www.wir-in-winden.de\/wp-content\/uploads\/2016\/10\/Apfelsaft1.jpg\"><img loading=\"lazy\" decoding=\"async\" aria-describedby=\"caption-attachment-7379\" class=\" wp-image-7379\" src=\"http:\/\/www.wir-in-winden.de\/wp-content\/uploads\/2016\/10\/Apfelsaft1.jpg\" alt=\"Beate Herman erkl\u00e4rt den Kindern die Funktionsweise der automatischen  Apfelpresse.  \" width=\"501\" height=\"331\" srcset=\"http:\/\/www.wir-in-winden.de\/wp-content\/uploads\/2016\/10\/Apfelsaft1.jpg 886w, http:\/\/www.wir-in-winden.de\/wp-content\/uploads\/2016\/10\/Apfelsaft1-300x198.jpg 300w\" sizes=\"auto, (max-width: 501px) 100vw, 501px\" \/><\/a><p id=\"caption-attachment-7379\" class=\"wp-caption-text\"><em>Beate Herman erkl\u00e4rt den Kindern die Funktionsweise der automatischen Apfelpresse.<\/em><\/p><\/div>\n<p>Leckerer Apfelsaft, frisch vom Baum. Was kann es Sch\u00f6neres geben? Leider stie\u00df die Apfelsaft-Pressaktion der<\/p>\n<div id=\"attachment_7380\" style=\"width: 180px\" class=\"wp-caption alignright\"><a href=\"http:\/\/www.wir-in-winden.de\/wp-content\/uploads\/2016\/10\/Apfelsaft2.jpg\"><img loading=\"lazy\" decoding=\"async\" aria-describedby=\"caption-attachment-7380\" class=\" wp-image-7380\" src=\"http:\/\/www.wir-in-winden.de\/wp-content\/uploads\/2016\/10\/Apfelsaft2.jpg\" alt=\"Die Ernte wird verarbeitet.\" width=\"170\" height=\"303\" srcset=\"http:\/\/www.wir-in-winden.de\/wp-content\/uploads\/2016\/10\/Apfelsaft2.jpg 498w, http:\/\/www.wir-in-winden.de\/wp-content\/uploads\/2016\/10\/Apfelsaft2-169x300.jpg 169w\" sizes=\"auto, (max-width: 170px) 100vw, 170px\" \/><\/a><p id=\"caption-attachment-7380\" class=\"wp-caption-text\"><em>Die Ernte wird verarbeitet.<\/em><\/p><\/div>\n<p>Ortsgemeinde Winden am Donnerstag auf nur geringe Resonanz bei der \u00f6rtlichen B\u00fcrgerschaft. Lediglich zehn Personen kamen mit ihrem Obst, um es vor dem B\u00fcrgerhaus von der Westerw\u00e4lder Firma Jung zu frischem Saft pressen zu lassen.\u00a0Besonders die Kinder der <strong>Kindertagesst\u00e4tte Winden<\/strong> waren allerdings begeistert von der Technik des Obstpressens und freuten sich, dass sie den frisch hergestellten Apfelsaft sogleich probieren konnten. Etwas entt\u00e4uscht zeigte sich Ortsb\u00fcrgermeister <strong>Gebhard Linscheid<\/strong>: &#8222;Schade&#8220;, lautete sein Kommentar auf das Ausbleiben der Windener B\u00fcrger.<\/p>\n<p>Immerhin hat die Ortsgemeinde Winden am Donnerstag stolze 1000 Liter Apfelsaft pressen lassen. Zuvor hatten <strong>J\u00fcrgen M\u00fcller <\/strong>und die beiden syrischen Fl\u00fcchtlinge <strong>Kaled <\/strong>und <strong>Gwan<\/strong>\u00a0s\u00e4mtliche Apfelb\u00e4ume der Ortsgemeinde und auch B\u00e4ume von Privatleuten abgeerntet. \u00a0Wer Windener Apfelsaft haben m\u00f6chte, kann sich an J\u00fcrgen M\u00fcller, Tel. \u00a05034, oder an Ortsb\u00fcrgermeister Gebhard Linscheid, Tel. 0176 10 20 89 18, wenden.\u00a0F\u00fcnf Liter Apfelsaft kosten f\u00fcnf Euro, das Zehn-Liter-Gebinde kostet neun Euro.<\/p>\n<div id=\"attachment_7381\" style=\"width: 456px\" class=\"wp-caption alignnone\"><a href=\"http:\/\/www.wir-in-winden.de\/wp-content\/uploads\/2016\/10\/Apfelsaft3.jpg\"><img loading=\"lazy\" decoding=\"async\" aria-describedby=\"caption-attachment-7381\" class=\"wp-image-7381 \" src=\"http:\/\/www.wir-in-winden.de\/wp-content\/uploads\/2016\/10\/Apfelsaft3.jpg\" alt=\"apfelsaft3\" width=\"446\" height=\"793\" srcset=\"http:\/\/www.wir-in-winden.de\/wp-content\/uploads\/2016\/10\/Apfelsaft3.jpg 498w, http:\/\/www.wir-in-winden.de\/wp-content\/uploads\/2016\/10\/Apfelsaft3-169x300.jpg 169w\" sizes=\"auto, (max-width: 446px) 100vw, 446px\" \/><\/a><p id=\"caption-attachment-7381\" class=\"wp-caption-text\"><em>Bevor die \u00c4pfel gepresst werden konnten, mussten sie erst einmal geerntet werden.<\/em><\/p><\/div>\n","protected":false},"excerpt":{"rendered":"<p>Leckerer Apfelsaft, frisch vom Baum. Was kann es Sch\u00f6neres geben? Leider stie\u00df die Apfelsaft-Pressaktion der Ortsgemeinde Winden am Donnerstag auf nur geringe Resonanz bei der \u00f6rtlichen B\u00fcrgerschaft. Lediglich zehn Personen kamen mit ihrem Obst, um es vor dem B\u00fcrgerhaus von der Westerw\u00e4lder Firma Jung zu frischem Saft pressen zu lassen.\u00a0Besonders die Kinder der Kindertagesst\u00e4tte Winden [&hellip;]<\/p>\n","protected":false},"author":1,"featured_media":0,"comment_status":"open","ping_status":"open","sticky":false,"template":"","format":"standard","meta":{"footnotes":""},"categories":[7],"tags":[],"class_list":["post-7378","post","type-post","status-publish","format-standard","hentry","category-allgemein"],"_links":{"self":[{"href":"http:\/\/www.wir-in-winden.de\/index.php?rest_route=\/wp\/v2\/posts\/7378","targetHints":{"allow":["GET"]}}],"collection":[{"href":"http:\/\/www.wir-in-winden.de\/index.php?rest_route=\/wp\/v2\/posts"}],"about":[{"href":"http:\/\/www.wir-in-winden.de\/index.php?rest_route=\/wp\/v2\/types\/post"}],"author":[{"embeddable":true,"href":"http:\/\/www.wir-in-winden.de\/index.php?rest_route=\/wp\/v2\/users\/1"}],"replies":[{"embeddable":true,"href":"http:\/\/www.wir-in-winden.de\/index.php?rest_route=%2Fwp%2Fv2%2Fcomments&post=7378"}],"version-history":[{"count":5,"href":"http:\/\/www.wir-in-winden.de\/index.php?rest_route=\/wp\/v2\/posts\/7378\/revisions"}],"predecessor-version":[{"id":7387,"href":"http:\/\/www.wir-in-winden.de\/index.php?rest_route=\/wp\/v2\/posts\/7378\/revisions\/7387"}],"wp:attachment":[{"href":"http:\/\/www.wir-in-winden.de\/index.php?rest_route=%2Fwp%2Fv2%2Fmedia&parent=7378"}],"wp:term":[{"taxonomy":"category","embeddable":true,"href":"http:\/\/www.wir-in-winden.de\/index.php?rest_route=%2Fwp%2Fv2%2Fcategories&post=7378"},{"taxonomy":"post_tag","embeddable":true,"href":"http:\/\/www.wir-in-winden.de\/index.php?rest_route=%2Fwp%2Fv2%2Ftags&post=7378"}],"curies":[{"name":"wp","href":"https:\/\/api.w.org\/{rel}","templated":true}]}}