{"id":4871,"date":"2013-02-13T08:00:07","date_gmt":"2013-02-13T06:00:07","guid":{"rendered":"http:\/\/www.wir-in-winden.de\/?p=4871"},"modified":"2013-02-13T08:00:07","modified_gmt":"2013-02-13T06:00:07","slug":"beratung-uber-kleingewerbegebiet","status":"publish","type":"post","link":"http:\/\/www.wir-in-winden.de\/?p=4871","title":{"rendered":"Beratung \u00fcber Kleingewerbegebiet"},"content":{"rendered":"<p>Die Errichtung eines Kleingewerbegebietes in Winden steht auf der Tagesordnung der n\u00e4chsten Sitzung des Gemeinderats kommenden <strong>Freitag, 15. Februar, 19.30 Uhr, <\/strong>im <strong>Pfarrheim<\/strong>. Dabei soll unter vier Standortvorschl\u00e4gen abgewogen werden. Weitere Themen sind der Haushaltsplan 2013 und der Forstwirtschaftsplan. Auch die Vorschl\u00e4ge zur Wahl von Sch\u00f6ffen und Jugendsch\u00f6ffen f\u00fcr die Amtsperiode 2014-18 stehen auf der Tagesordnung.<\/p>\n","protected":false},"excerpt":{"rendered":"<p>Die Errichtung eines Kleingewerbegebietes in Winden steht auf der Tagesordnung der n\u00e4chsten Sitzung des Gemeinderats kommenden Freitag, 15. Februar, 19.30 Uhr, im Pfarrheim. Dabei soll unter vier Standortvorschl\u00e4gen abgewogen werden. Weitere Themen sind der Haushaltsplan 2013 und der Forstwirtschaftsplan. Auch die Vorschl\u00e4ge zur Wahl von Sch\u00f6ffen und Jugendsch\u00f6ffen f\u00fcr die Amtsperiode 2014-18 stehen auf der [&hellip;]<\/p>\n","protected":false},"author":1,"featured_media":0,"comment_status":"open","ping_status":"open","sticky":false,"template":"","format":"standard","meta":{"footnotes":""},"categories":[5],"tags":[],"class_list":["post-4871","post","type-post","status-publish","format-standard","hentry","category-gemeinderat"],"_links":{"self":[{"href":"http:\/\/www.wir-in-winden.de\/index.php?rest_route=\/wp\/v2\/posts\/4871","targetHints":{"allow":["GET"]}}],"collection":[{"href":"http:\/\/www.wir-in-winden.de\/index.php?rest_route=\/wp\/v2\/posts"}],"about":[{"href":"http:\/\/www.wir-in-winden.de\/index.php?rest_route=\/wp\/v2\/types\/post"}],"author":[{"embeddable":true,"href":"http:\/\/www.wir-in-winden.de\/index.php?rest_route=\/wp\/v2\/users\/1"}],"replies":[{"embeddable":true,"href":"http:\/\/www.wir-in-winden.de\/index.php?rest_route=%2Fwp%2Fv2%2Fcomments&post=4871"}],"version-history":[{"count":1,"href":"http:\/\/www.wir-in-winden.de\/index.php?rest_route=\/wp\/v2\/posts\/4871\/revisions"}],"predecessor-version":[{"id":4872,"href":"http:\/\/www.wir-in-winden.de\/index.php?rest_route=\/wp\/v2\/posts\/4871\/revisions\/4872"}],"wp:attachment":[{"href":"http:\/\/www.wir-in-winden.de\/index.php?rest_route=%2Fwp%2Fv2%2Fmedia&parent=4871"}],"wp:term":[{"taxonomy":"category","embeddable":true,"href":"http:\/\/www.wir-in-winden.de\/index.php?rest_route=%2Fwp%2Fv2%2Fcategories&post=4871"},{"taxonomy":"post_tag","embeddable":true,"href":"http:\/\/www.wir-in-winden.de\/index.php?rest_route=%2Fwp%2Fv2%2Ftags&post=4871"}],"curies":[{"name":"wp","href":"https:\/\/api.w.org\/{rel}","templated":true}]}}