{"id":4853,"date":"2013-02-12T08:04:57","date_gmt":"2013-02-12T06:04:57","guid":{"rendered":"http:\/\/www.wir-in-winden.de\/?p=4853"},"modified":"2013-02-12T20:31:54","modified_gmt":"2013-02-12T18:31:54","slug":"narrischer-lindwurm-zog-durch-winden","status":"publish","type":"post","link":"http:\/\/www.wir-in-winden.de\/?p=4853","title":{"rendered":"N\u00e4rrischer Lindwurm zog durch Winden"},"content":{"rendered":"<div id=\"attachment_4858\" style=\"width: 511px\" class=\"wp-caption alignnone\"><a href=\"http:\/\/www.wir-in-winden.de\/wp-content\/uploads\/2013\/02\/zug4.jpg\"><img loading=\"lazy\" decoding=\"async\" aria-describedby=\"caption-attachment-4858\" class=\"size-full wp-image-4858\" title=\"zug4\" src=\"http:\/\/www.wir-in-winden.de\/wp-content\/uploads\/2013\/02\/zug4.jpg\" alt=\"\" width=\"501\" height=\"311\" srcset=\"http:\/\/www.wir-in-winden.de\/wp-content\/uploads\/2013\/02\/zug4.jpg 1063w, http:\/\/www.wir-in-winden.de\/wp-content\/uploads\/2013\/02\/zug4-300x186.jpg 300w, http:\/\/www.wir-in-winden.de\/wp-content\/uploads\/2013\/02\/zug4-1024x636.jpg 1024w\" sizes=\"auto, (max-width: 501px) 100vw, 501px\" \/><\/a><p id=\"caption-attachment-4858\" class=\"wp-caption-text\">Als Weihnachtsb\u00e4ume war diese Gruppe unterwegs.<\/p><\/div>\n<p>Zwei Motivwagen und sechs Fussgruppen mit 130 Aktiven bildeten den n\u00e4rrischen Lindwurm, der sich an Rosenmontag ungef\u00e4hr eine Stunde durch Winden schl\u00e4ngelte. Hippies aus Sulzbach und der Motivwagen der Nassauer Schule sowie Windkraftr\u00e4der aus dem Hunsr\u00fcck machten in Winden Station. Selbst eine venezianische Gondeltruppe hatte den Weg von Italien in die H\u00f6hengemeinde nicht gescheut. Drei Bienenk\u00f6niginnen kl\u00e4rten \u00fcber das Leben der Bienen auf, Weihnachtsb\u00e4ume tummelten sich im Stra\u00dfenkarneval. Allen voran schritt der Elferrat, und die Gymnastikfrauen feierten mit Andrea Berg. Auch das Rodeln mit anschlie\u00dfender Gaudi kam nicht zu kurz. Rundherum ein sch\u00f6ner Zug vor einem bestens gelaunten Publikum.<!--more--><\/p>\n<div id=\"attachment_4857\" style=\"width: 511px\" class=\"wp-caption alignnone\"><a href=\"http:\/\/www.wir-in-winden.de\/wp-content\/uploads\/2013\/02\/zug3.jpg\"><img loading=\"lazy\" decoding=\"async\" aria-describedby=\"caption-attachment-4857\" class=\"size-full wp-image-4857 \" title=\"zug3\" src=\"http:\/\/www.wir-in-winden.de\/wp-content\/uploads\/2013\/02\/zug3.jpg\" alt=\"\" width=\"501\" height=\"334\" srcset=\"http:\/\/www.wir-in-winden.de\/wp-content\/uploads\/2013\/02\/zug3.jpg 1063w, http:\/\/www.wir-in-winden.de\/wp-content\/uploads\/2013\/02\/zug3-300x200.jpg 300w, http:\/\/www.wir-in-winden.de\/wp-content\/uploads\/2013\/02\/zug3-1024x682.jpg 1024w\" sizes=\"auto, (max-width: 501px) 100vw, 501px\" \/><\/a><p id=\"caption-attachment-4857\" class=\"wp-caption-text\">Die Realschule Nassau warb f\u00fcr die Anmeldung zum heimischen Schulzentrum.<\/p><\/div>\n<div id=\"attachment_4855\" style=\"width: 511px\" class=\"wp-caption alignnone\"><a href=\"http:\/\/www.wir-in-winden.de\/wp-content\/uploads\/2013\/02\/zug1.jpg\"><img loading=\"lazy\" decoding=\"async\" aria-describedby=\"caption-attachment-4855\" class=\"size-full wp-image-4855\" title=\"zug1\" src=\"http:\/\/www.wir-in-winden.de\/wp-content\/uploads\/2013\/02\/zug1.jpg\" alt=\"\" width=\"501\" height=\"513\" srcset=\"http:\/\/www.wir-in-winden.de\/wp-content\/uploads\/2013\/02\/zug1.jpg 1063w, http:\/\/www.wir-in-winden.de\/wp-content\/uploads\/2013\/02\/zug1-292x300.jpg 292w\" sizes=\"auto, (max-width: 501px) 100vw, 501px\" \/><\/a><p id=\"caption-attachment-4855\" class=\"wp-caption-text\">Trotz des kalten Wetters wagten sich diese Bienenk\u00f6niginnen aus ihrem Stock.<\/p><\/div>\n<div id=\"attachment_4856\" style=\"width: 511px\" class=\"wp-caption alignnone\"><a href=\"http:\/\/www.wir-in-winden.de\/wp-content\/uploads\/2013\/02\/zug2.jpg\"><img loading=\"lazy\" decoding=\"async\" aria-describedby=\"caption-attachment-4856\" class=\"size-full wp-image-4856\" title=\"zug2\" src=\"http:\/\/www.wir-in-winden.de\/wp-content\/uploads\/2013\/02\/zug2.jpg\" alt=\"\" width=\"501\" height=\"334\" srcset=\"http:\/\/www.wir-in-winden.de\/wp-content\/uploads\/2013\/02\/zug2.jpg 1063w, http:\/\/www.wir-in-winden.de\/wp-content\/uploads\/2013\/02\/zug2-300x200.jpg 300w, http:\/\/www.wir-in-winden.de\/wp-content\/uploads\/2013\/02\/zug2-1024x682.jpg 1024w\" sizes=\"auto, (max-width: 501px) 100vw, 501px\" \/><\/a><p id=\"caption-attachment-4856\" class=\"wp-caption-text\">Kritik an den strengen Auflagen f\u00fcr die Wagenbauer \u00fcbte dieser Aktive.<\/p><\/div>\n<div id=\"attachment_4868\" style=\"width: 510px\" class=\"wp-caption alignnone\"><a href=\"http:\/\/www.wir-in-winden.de\/wp-content\/uploads\/2013\/02\/zug13.jpg\"><img loading=\"lazy\" decoding=\"async\" aria-describedby=\"caption-attachment-4868\" class=\"size-full wp-image-4868\" title=\"zug13\" src=\"http:\/\/www.wir-in-winden.de\/wp-content\/uploads\/2013\/02\/zug13.jpg\" alt=\"\" width=\"500\" height=\"328\" srcset=\"http:\/\/www.wir-in-winden.de\/wp-content\/uploads\/2013\/02\/zug13.jpg 1063w, http:\/\/www.wir-in-winden.de\/wp-content\/uploads\/2013\/02\/zug13-300x196.jpg 300w, http:\/\/www.wir-in-winden.de\/wp-content\/uploads\/2013\/02\/zug13-1024x672.jpg 1024w\" sizes=\"auto, (max-width: 500px) 100vw, 500px\" \/><\/a><p id=\"caption-attachment-4868\" class=\"wp-caption-text\">Viele mobile Windr\u00e4der machten in Winden Station.<\/p><\/div>\n<div id=\"attachment_4866\" style=\"width: 510px\" class=\"wp-caption alignnone\"><a href=\"http:\/\/www.wir-in-winden.de\/wp-content\/uploads\/2013\/02\/zug11.jpg\"><img loading=\"lazy\" decoding=\"async\" aria-describedby=\"caption-attachment-4866\" class=\"size-full wp-image-4866\" title=\"zug11\" src=\"http:\/\/www.wir-in-winden.de\/wp-content\/uploads\/2013\/02\/zug11.jpg\" alt=\"\" width=\"500\" height=\"336\" srcset=\"http:\/\/www.wir-in-winden.de\/wp-content\/uploads\/2013\/02\/zug11.jpg 1063w, http:\/\/www.wir-in-winden.de\/wp-content\/uploads\/2013\/02\/zug11-300x201.jpg 300w, http:\/\/www.wir-in-winden.de\/wp-content\/uploads\/2013\/02\/zug11-1024x688.jpg 1024w\" sizes=\"auto, (max-width: 500px) 100vw, 500px\" \/><\/a><p id=\"caption-attachment-4866\" class=\"wp-caption-text\">Diese Damen warteten auf Andrea Berg.<\/p><\/div>\n<div id=\"attachment_4865\" style=\"width: 510px\" class=\"wp-caption alignnone\"><a href=\"http:\/\/www.wir-in-winden.de\/wp-content\/uploads\/2013\/02\/zug10.jpg\"><img loading=\"lazy\" decoding=\"async\" aria-describedby=\"caption-attachment-4865\" class=\"size-full wp-image-4865\" title=\"zug10\" src=\"http:\/\/www.wir-in-winden.de\/wp-content\/uploads\/2013\/02\/zug10.jpg\" alt=\"\" width=\"500\" height=\"346\" srcset=\"http:\/\/www.wir-in-winden.de\/wp-content\/uploads\/2013\/02\/zug10.jpg 1063w, http:\/\/www.wir-in-winden.de\/wp-content\/uploads\/2013\/02\/zug10-300x207.jpg 300w, http:\/\/www.wir-in-winden.de\/wp-content\/uploads\/2013\/02\/zug10-1024x708.jpg 1024w\" sizes=\"auto, (max-width: 500px) 100vw, 500px\" \/><\/a><p id=\"caption-attachment-4865\" class=\"wp-caption-text\">Kein Karnevalszug ohne die heimische Feuerwehr!<\/p><\/div>\n<div id=\"attachment_4864\" style=\"width: 511px\" class=\"wp-caption alignnone\"><a href=\"http:\/\/www.wir-in-winden.de\/wp-content\/uploads\/2013\/02\/zug9.jpg\"><img loading=\"lazy\" decoding=\"async\" aria-describedby=\"caption-attachment-4864\" class=\"size-full wp-image-4864\" title=\"zug9\" src=\"http:\/\/www.wir-in-winden.de\/wp-content\/uploads\/2013\/02\/zug9.jpg\" alt=\"\" width=\"501\" height=\"334\" srcset=\"http:\/\/www.wir-in-winden.de\/wp-content\/uploads\/2013\/02\/zug9.jpg 1063w, http:\/\/www.wir-in-winden.de\/wp-content\/uploads\/2013\/02\/zug9-300x200.jpg 300w, http:\/\/www.wir-in-winden.de\/wp-content\/uploads\/2013\/02\/zug9-1024x682.jpg 1024w\" sizes=\"auto, (max-width: 501px) 100vw, 501px\" \/><\/a><p id=\"caption-attachment-4864\" class=\"wp-caption-text\">Hoch ging&#39;s her bei der Afterzugparty im B\u00fcrgerhaus.<\/p><\/div>\n<div id=\"attachment_4861\" style=\"width: 510px\" class=\"wp-caption alignnone\"><a href=\"http:\/\/www.wir-in-winden.de\/wp-content\/uploads\/2013\/02\/zug6.jpg\"><img loading=\"lazy\" decoding=\"async\" aria-describedby=\"caption-attachment-4861\" class=\"size-full wp-image-4861\" title=\"zug6\" src=\"http:\/\/www.wir-in-winden.de\/wp-content\/uploads\/2013\/02\/zug6.jpg\" alt=\"\" width=\"500\" height=\"338\" srcset=\"http:\/\/www.wir-in-winden.de\/wp-content\/uploads\/2013\/02\/zug6.jpg 1063w, http:\/\/www.wir-in-winden.de\/wp-content\/uploads\/2013\/02\/zug6-300x202.jpg 300w, http:\/\/www.wir-in-winden.de\/wp-content\/uploads\/2013\/02\/zug6-1024x692.jpg 1024w\" sizes=\"auto, (max-width: 500px) 100vw, 500px\" \/><\/a><p id=\"caption-attachment-4861\" class=\"wp-caption-text\">Na denn Prost!<\/p><\/div>\n<div id=\"attachment_4860\" style=\"width: 510px\" class=\"wp-caption alignnone\"><a href=\"http:\/\/www.wir-in-winden.de\/wp-content\/uploads\/2013\/02\/zug5.jpg\"><img loading=\"lazy\" decoding=\"async\" aria-describedby=\"caption-attachment-4860\" class=\"size-full wp-image-4860 \" title=\"zug5\" src=\"http:\/\/www.wir-in-winden.de\/wp-content\/uploads\/2013\/02\/zug5.jpg\" alt=\"\" width=\"500\" height=\"333\" srcset=\"http:\/\/www.wir-in-winden.de\/wp-content\/uploads\/2013\/02\/zug5.jpg 1063w, http:\/\/www.wir-in-winden.de\/wp-content\/uploads\/2013\/02\/zug5-300x200.jpg 300w, http:\/\/www.wir-in-winden.de\/wp-content\/uploads\/2013\/02\/zug5-1024x682.jpg 1024w\" sizes=\"auto, (max-width: 500px) 100vw, 500px\" \/><\/a><p id=\"caption-attachment-4860\" class=\"wp-caption-text\">Jede Menge Betrieb auf den Stra\u00dfen Windens - trotz eisiger K\u00e4lte.<\/p><\/div>\n<div id=\"attachment_4867\" style=\"width: 511px\" class=\"wp-caption alignnone\"><a href=\"http:\/\/www.wir-in-winden.de\/wp-content\/uploads\/2013\/02\/zug12.jpg\"><img loading=\"lazy\" decoding=\"async\" aria-describedby=\"caption-attachment-4867\" class=\"size-full wp-image-4867\" title=\"zug12\" src=\"http:\/\/www.wir-in-winden.de\/wp-content\/uploads\/2013\/02\/zug12.jpg\" alt=\"\" width=\"501\" height=\"334\" srcset=\"http:\/\/www.wir-in-winden.de\/wp-content\/uploads\/2013\/02\/zug12.jpg 1063w, http:\/\/www.wir-in-winden.de\/wp-content\/uploads\/2013\/02\/zug12-300x200.jpg 300w, http:\/\/www.wir-in-winden.de\/wp-content\/uploads\/2013\/02\/zug12-1024x682.jpg 1024w\" sizes=\"auto, (max-width: 501px) 100vw, 501px\" \/><\/a><p id=\"caption-attachment-4867\" class=\"wp-caption-text\">Einen Hauch von Venedig brachten diese Narren mit ihrer Gondel nach Winne.<\/p><\/div>\n<p><a href=\"http:\/\/www.wir-in-winden.de\/wp-content\/uploads\/2013\/02\/zug8.jpg\"><img loading=\"lazy\" decoding=\"async\" class=\"alignnone size-full wp-image-4863\" title=\"zug8\" src=\"http:\/\/www.wir-in-winden.de\/wp-content\/uploads\/2013\/02\/zug8.jpg\" alt=\"\" width=\"501\" height=\"312\" srcset=\"http:\/\/www.wir-in-winden.de\/wp-content\/uploads\/2013\/02\/zug8.jpg 1063w, http:\/\/www.wir-in-winden.de\/wp-content\/uploads\/2013\/02\/zug8-300x187.jpg 300w, http:\/\/www.wir-in-winden.de\/wp-content\/uploads\/2013\/02\/zug8-1024x638.jpg 1024w\" sizes=\"auto, (max-width: 501px) 100vw, 501px\" \/><\/a><\/p>\n","protected":false},"excerpt":{"rendered":"<p>Zwei Motivwagen und sechs Fussgruppen mit 130 Aktiven bildeten den n\u00e4rrischen Lindwurm, der sich an Rosenmontag ungef\u00e4hr eine Stunde durch Winden schl\u00e4ngelte. Hippies aus Sulzbach und der Motivwagen der Nassauer Schule sowie Windkraftr\u00e4der aus dem Hunsr\u00fcck machten in Winden Station. Selbst eine venezianische Gondeltruppe hatte den Weg von Italien in die H\u00f6hengemeinde nicht gescheut. Drei [&hellip;]<\/p>\n","protected":false},"author":1,"featured_media":0,"comment_status":"open","ping_status":"open","sticky":false,"template":"","format":"standard","meta":{"footnotes":""},"categories":[68],"tags":[],"class_list":["post-4853","post","type-post","status-publish","format-standard","hentry","category-karneval"],"_links":{"self":[{"href":"http:\/\/www.wir-in-winden.de\/index.php?rest_route=\/wp\/v2\/posts\/4853","targetHints":{"allow":["GET"]}}],"collection":[{"href":"http:\/\/www.wir-in-winden.de\/index.php?rest_route=\/wp\/v2\/posts"}],"about":[{"href":"http:\/\/www.wir-in-winden.de\/index.php?rest_route=\/wp\/v2\/types\/post"}],"author":[{"embeddable":true,"href":"http:\/\/www.wir-in-winden.de\/index.php?rest_route=\/wp\/v2\/users\/1"}],"replies":[{"embeddable":true,"href":"http:\/\/www.wir-in-winden.de\/index.php?rest_route=%2Fwp%2Fv2%2Fcomments&post=4853"}],"version-history":[{"count":4,"href":"http:\/\/www.wir-in-winden.de\/index.php?rest_route=\/wp\/v2\/posts\/4853\/revisions"}],"predecessor-version":[{"id":4869,"href":"http:\/\/www.wir-in-winden.de\/index.php?rest_route=\/wp\/v2\/posts\/4853\/revisions\/4869"}],"wp:attachment":[{"href":"http:\/\/www.wir-in-winden.de\/index.php?rest_route=%2Fwp%2Fv2%2Fmedia&parent=4853"}],"wp:term":[{"taxonomy":"category","embeddable":true,"href":"http:\/\/www.wir-in-winden.de\/index.php?rest_route=%2Fwp%2Fv2%2Fcategories&post=4853"},{"taxonomy":"post_tag","embeddable":true,"href":"http:\/\/www.wir-in-winden.de\/index.php?rest_route=%2Fwp%2Fv2%2Ftags&post=4853"}],"curies":[{"name":"wp","href":"https:\/\/api.w.org\/{rel}","templated":true}]}}