{"id":4851,"date":"2013-02-11T09:12:50","date_gmt":"2013-02-11T07:12:50","guid":{"rendered":"http:\/\/www.wir-in-winden.de\/?p=4851"},"modified":"2013-02-11T09:12:50","modified_gmt":"2013-02-11T07:12:50","slug":"spd-vor-ort-in-winden","status":"publish","type":"post","link":"http:\/\/www.wir-in-winden.de\/?p=4851","title":{"rendered":"SPD vor Ort in Winden"},"content":{"rendered":"<p>In Winden ist die Gemeinschaft gro\u00df, betonte Ortsb\u00fcrgermeister<strong> Gebhard Linscheid<\/strong> im Gespr\u00e4ch mit SPD-Vertretern der Verbandsgemeinde Nassau. Der Ort des Treffens, das Dorfcaf\u00e9, ist f\u00fcr den Gemeinsinn das beste Beispiel. Aus einem alten Fachwerkhaus an der Hauptstra\u00dfe hat die Gemeinde ein echtes Schmuckst\u00fcck geschaffen. Linscheid w\u00fcrdigte die Unterst\u00fctzung durch das Land. Die Gemeinde erh\u00e4lt seit 2008 erhebliche F\u00f6rdermittel. Ohne ehrenamtliches Engagement w\u00e4re jedoch vieles nicht m\u00f6glich, hob der Ortsb\u00fcrgermeister hervor.<!--more--><\/p>\n<p>Vorteilhaft auf die Dorferneuerung wirkt sich die inner\u00f6rtliche Flurbereinigung, die seit 2012 im Gange ist, aus. Grundst\u00fccksgrenzen werden vermessen, Abstandsfl\u00e4chen und Zufahrten geregelt, zwei Geb\u00e4ude wurden entfernt, ein Haus und Stellfl\u00e4chen neu errichtet. Insgesamt erhalte der Ortskern so eine zukunftsf\u00e4hige Gliederung.<br \/>\nGerne greife man einen Vorschlag der SPD auf, das Augenmerk auf ein seniorengerechtes und barrierefreies Wohnen im Ortskern zu legen, sagte Gebhard Linscheid. Bereits der Dorfladen diene haupts\u00e4chlich den \u00e4lteren Mitb\u00fcrgern. Aber auch der Nachwuchs k\u00f6nne im Dorfladen Erfahrung sammeln, wie man kleinere Eink\u00e4ufe t\u00e4tigt. Die Kindertagesst\u00e4tte am Ort sei der Gemeinde \u00fcberaus wichtig, ebenso der kurze Weg zu einer guten Schule in Nassau.<\/p>\n<p>Die Gemeinde wolle kein Almosenempf\u00e4nger aus dem kommunalen Finanzausgleich sein, betonte Ortsb\u00fcrgermeister Linscheid, sondern um ihre finanzielle Unabh\u00e4ngigkeit k\u00e4mpfen. Dazu geh\u00f6re als Einnahmequelle die anteilige Einkommenssteuer, wozu eine ma\u00dfvolle gewerbliche Entwicklung n\u00f6tig sei. Durch die gute DSL-Versorgung konnten bereits etliche Freiberufler an den Ort gebunden werden. Erhard Frahm lobte die schnelle DSL-Verbindung in Winden, vermisste aber ein klares DSL-Konzept f\u00fcr die Verbandsgemeinde.<br \/>\nAktuell wird in Winden diskutiert, wie eine gewerbliche Eigenentwicklung stattfinden kann. Die schwierige Lage in der Kernzone des Naturparks erschwert die Ausweisung einer Gewerbefl\u00e4che. Ebenso habe man unisono das Interesse, die hohe Wohnqualit\u00e4t zu bewahren, betonte Gemeinderatsmitglied <strong>Prof. Mathias Uhle<\/strong>. Auf Nachfrage durch die SPD-Vertreter war eine deutliche Skepsis gegen\u00fcber der Windkraft zu erkennen. Eine Verspargelung der Landschaft sieht man in der Ortsgemeinde als eher nachteilig an. Eitel Freude bereitet dagegen die Forstwirtschaft. Der Ortschef zeigte sich \u00e4u\u00dferst zufrieden mit seinem Wald wie mit Revierf\u00f6rster <strong>Bernd Schendel<\/strong>, der als Gemeinderatsmitglied an dem Gespr\u00e4ch teilnahm.<\/p>\n<p>Etliche W\u00fcnsche gaben die Windener Gespr\u00e4chsteilnehmer den SPD-Vertretern mit auf den Weg. Wie bereits andernorts kam zum wiederholten Male die dringende Verbesserung des \u00f6ffentlichen Personennahverkehrs darin vor. Gerade in den Ferien sei ein B\u00fcrgerbus f\u00fcr alle Altersgruppen erforderlich. Die Jugend steht an der Ecke und wei\u00df nicht, wie sie ins Schwimmbad kommen soll, schilderte <strong>Jan-Peter Linscheid<\/strong> das Dilemma aus Sicht seiner Generation. Die SPD im Verbandsgemeinderat will die Anliegen der Gemeinde gerne aktiv unterst\u00fctzen, sagte deren Sprecher <strong>Walter Ellermeyer<\/strong> zu.<\/p>\n","protected":false},"excerpt":{"rendered":"<p>In Winden ist die Gemeinschaft gro\u00df, betonte Ortsb\u00fcrgermeister Gebhard Linscheid im Gespr\u00e4ch mit SPD-Vertretern der Verbandsgemeinde Nassau. Der Ort des Treffens, das Dorfcaf\u00e9, ist f\u00fcr den Gemeinsinn das beste Beispiel. Aus einem alten Fachwerkhaus an der Hauptstra\u00dfe hat die Gemeinde ein echtes Schmuckst\u00fcck geschaffen. Linscheid w\u00fcrdigte die Unterst\u00fctzung durch das Land. Die Gemeinde erh\u00e4lt seit [&hellip;]<\/p>\n","protected":false},"author":1,"featured_media":0,"comment_status":"open","ping_status":"open","sticky":false,"template":"","format":"standard","meta":{"footnotes":""},"categories":[7],"tags":[],"class_list":["post-4851","post","type-post","status-publish","format-standard","hentry","category-allgemein"],"_links":{"self":[{"href":"http:\/\/www.wir-in-winden.de\/index.php?rest_route=\/wp\/v2\/posts\/4851","targetHints":{"allow":["GET"]}}],"collection":[{"href":"http:\/\/www.wir-in-winden.de\/index.php?rest_route=\/wp\/v2\/posts"}],"about":[{"href":"http:\/\/www.wir-in-winden.de\/index.php?rest_route=\/wp\/v2\/types\/post"}],"author":[{"embeddable":true,"href":"http:\/\/www.wir-in-winden.de\/index.php?rest_route=\/wp\/v2\/users\/1"}],"replies":[{"embeddable":true,"href":"http:\/\/www.wir-in-winden.de\/index.php?rest_route=%2Fwp%2Fv2%2Fcomments&post=4851"}],"version-history":[{"count":1,"href":"http:\/\/www.wir-in-winden.de\/index.php?rest_route=\/wp\/v2\/posts\/4851\/revisions"}],"predecessor-version":[{"id":4852,"href":"http:\/\/www.wir-in-winden.de\/index.php?rest_route=\/wp\/v2\/posts\/4851\/revisions\/4852"}],"wp:attachment":[{"href":"http:\/\/www.wir-in-winden.de\/index.php?rest_route=%2Fwp%2Fv2%2Fmedia&parent=4851"}],"wp:term":[{"taxonomy":"category","embeddable":true,"href":"http:\/\/www.wir-in-winden.de\/index.php?rest_route=%2Fwp%2Fv2%2Fcategories&post=4851"},{"taxonomy":"post_tag","embeddable":true,"href":"http:\/\/www.wir-in-winden.de\/index.php?rest_route=%2Fwp%2Fv2%2Ftags&post=4851"}],"curies":[{"name":"wp","href":"https:\/\/api.w.org\/{rel}","templated":true}]}}