{"id":3513,"date":"2012-03-24T08:52:47","date_gmt":"2012-03-24T06:52:47","guid":{"rendered":"http:\/\/www.wir-in-winden.de\/?p=3513"},"modified":"2012-03-24T11:43:35","modified_gmt":"2012-03-24T09:43:35","slug":"winden-erhalt-bis-2016-ein-neues-kataster","status":"publish","type":"post","link":"http:\/\/www.wir-in-winden.de\/?p=3513","title":{"rendered":"Winden erh\u00e4lt bis 2016 ein neues Kataster"},"content":{"rendered":"<div id=\"attachment_3516\" style=\"width: 510px\" class=\"wp-caption alignnone\"><a href=\"http:\/\/www.wir-in-winden.de\/wp-content\/uploads\/2012\/03\/flurbereinigung2.jpg\"><img loading=\"lazy\" decoding=\"async\" aria-describedby=\"caption-attachment-3516\" class=\"size-full wp-image-3516\" title=\"flurbereinigung2\" src=\"http:\/\/www.wir-in-winden.de\/wp-content\/uploads\/2012\/03\/flurbereinigung2.jpg\" alt=\"\" width=\"500\" height=\"267\" srcset=\"http:\/\/www.wir-in-winden.de\/wp-content\/uploads\/2012\/03\/flurbereinigung2.jpg 945w, http:\/\/www.wir-in-winden.de\/wp-content\/uploads\/2012\/03\/flurbereinigung2-300x160.jpg 300w\" sizes=\"auto, (max-width: 500px) 100vw, 500px\" \/><\/a><p id=\"caption-attachment-3516\" class=\"wp-caption-text\"><em>Rund 25 Grundst\u00fcckseigent\u00fcmer nahmen an der Informationsveranstaltung im Pfarrheim teil.<\/em><\/p><\/div>\n<p>\u00dcber die Ziele und Ablauf der bevorstehenden Flurbereinigung hat das <strong>Dienstleistungszentrum L\u00e4ndlicher Raum Westerwald-Osteifel <\/strong>am Donnerstagabend interessierte Grundst\u00fcckseigent\u00fcmer und B\u00fcrger im Pfarrheim informiert. Bis zum Jahr 2016 soll die Neuordnung der Grundst\u00fccksgrenzen und Grundst\u00fcckszuschnitte innerhalb eines Gro\u00dfteils der Dorflage und der umliegenden Windener Feld- und Waldgemarkung abgeschlossen sein, erl\u00e4uterte <strong>Theodor Burkhard<\/strong>. Erste Schritte sollen aber noch in diesem Jahr gegangen werden. So w\u00e4hlen zun\u00e4chst die von der Flurbereinigung betroffenen Eigent\u00fcmer (&#8222;Teilnehmergemeinschaft&#8220;) einen Vorstand mit einem Vorsitzenden. Bereits abgeschlossen ist die sogenannte &#8222;Projektbezogene Untersuchung&#8220;, in der eine Bestandsaufnahme der gesamten Ortslage vorgenommen wurde, so Burkhard. Demnach besteht Winden aus einem stark strukturierten, tief eingeschnittenen Tal im Naturpark Nassau, in dem es kaum noch Ackerbau gibt, allerdings Waldwirtschaft und etliche Weihnachtsbaumkulturen betrieben werden.<!--more--><\/p>\n<p>Das jetzt g\u00fcltige Kataster f\u00fcr Winden stammt noch aus der Zeit des Herzogtums Nassau und wurde als sogenannte &#8222;Nassauer Konsolidation&#8220; in den Jahren 1858 bis 1861 erstellt, sagte Burkhard. Die Verschiebungen der Grundst\u00fccksgrenzen im Laufe von anderthalb Jahrhunderten zeige sich zum Beispiel am schlechten Zustand des Wegenetzes, die zum Teil \u00fcber private Gemarkung f\u00fchrten. Ebenso der S\u00fclzbach, dessen Bett sich mitttlerweile\u00a0 l\u00e4ngst aus seinen urspr\u00fcnglichen Grenzen entfernt hat. K\u00fcnftig soll der Bach deshalb deutlich gro\u00dfz\u00fcgiger katastriert werden.<\/p>\n<div id=\"attachment_3518\" style=\"width: 269px\" class=\"wp-caption alignright\"><a href=\"http:\/\/www.wir-in-winden.de\/wp-content\/uploads\/2012\/03\/flurbereinigung4.jpg\"><img loading=\"lazy\" decoding=\"async\" aria-describedby=\"caption-attachment-3518\" class=\"size-full wp-image-3518\" style=\"margin: 10px;\" title=\"flurbereinigung4\" src=\"http:\/\/www.wir-in-winden.de\/wp-content\/uploads\/2012\/03\/flurbereinigung4.jpg\" alt=\"\" width=\"259\" height=\"364\" srcset=\"http:\/\/www.wir-in-winden.de\/wp-content\/uploads\/2012\/03\/flurbereinigung4.jpg 945w, http:\/\/www.wir-in-winden.de\/wp-content\/uploads\/2012\/03\/flurbereinigung4-213x300.jpg 213w, http:\/\/www.wir-in-winden.de\/wp-content\/uploads\/2012\/03\/flurbereinigung4-727x1024.jpg 727w\" sizes=\"auto, (max-width: 259px) 100vw, 259px\" \/><\/a><p id=\"caption-attachment-3518\" class=\"wp-caption-text\"><em>Theodor Burkhard vom Dienstleistungszentrum L\u00e4ndlicher Raum Westerwald-Osteifel (DLR) mit Sitz in Montabaur. <\/em><\/p><\/div>\n<p>Ziel der Dorfflurbereinigung, so Burkhard, ist es die Grundst\u00fccksgrenzen innerhalb der Ortslage neu festzulegen, \u00dcberbauten zu beseitigen, die Grenzabst\u00e4nde zu optimieren, um eine bessere bauliche Ausnutzung und Zufahrten zu erm\u00f6glichen, sowie Fu\u00dfwegeverbindungen zu schaffen. All dies soll mit den Eigent\u00fcmern ausgehandelt werden, um die Interessen m\u00f6glichst jedes Einzelnen zu ber\u00fccksichtigen, sagte Burkhard. In der Ortsrandlage\u00a0 geht es vorrangig um folgende Ziele:<\/p>\n<p>&#8211; verbessertes Wegennetz,<br \/>\n&#8211; Natur- und Landschaftsschutz, um einer Verbuschung entgegenzuwirken. Diese sei h\u00e4ufig eine Folge unklarer Grundst\u00fccksverh\u00e4ltnisse,<br \/>\n&#8211; Arrondierung der Besitzst\u00e4nde,<br \/>\n&#8211; Landbereitstellung f\u00fcr die gemeindliche Planung, zum Beispiel ein sogenanntes &#8222;\u00d6ko-Konto&#8220;,<br \/>\n&#8211; Neuvermesssung der Grundst\u00fccke und ein komplett neuer Grundst\u00fccks- und Katasternachweis,<br \/>\n&#8211; Schaffung klarer Rechtsverh\u00e4ltnisse. Davon profitiere auch die Gemeinde, indem deutlich werde, wohin sie ihre Grundsteuerbescheide k\u00fcnftig verschickt. Dabei machte Burkhard klar, dass erfahrungsgem\u00e4\u00df zwischen zehn und 20 Prozent der Grundst\u00fcckseigent\u00fcmer nicht auffindbar sein d\u00fcrften.<\/p>\n<p><a href=\"http:\/\/www.wir-in-winden.de\/wp-content\/uploads\/2012\/03\/flurbereinigung1.jpg\"><img loading=\"lazy\" decoding=\"async\" class=\"alignright size-full wp-image-3515\" style=\"margin: 10px;\" title=\"flurbereinigung1\" src=\"http:\/\/www.wir-in-winden.de\/wp-content\/uploads\/2012\/03\/flurbereinigung1.jpg\" alt=\"\" width=\"264\" height=\"235\" srcset=\"http:\/\/www.wir-in-winden.de\/wp-content\/uploads\/2012\/03\/flurbereinigung1.jpg 945w, http:\/\/www.wir-in-winden.de\/wp-content\/uploads\/2012\/03\/flurbereinigung1-300x267.jpg 300w\" sizes=\"auto, (max-width: 264px) 100vw, 264px\" \/><\/a>Die Kosten der Flurbereinigung betragen rund 762.000 Euro, sagte der Fachmann. Die Wertsch\u00f6pfung, das hei\u00dft den Nutzen, der insgesamt aus der Flurbereinigung gezogen wird, bezifferte er mit 1,418 Millionen Euro. Die Verfahrenskosten tr\u00e4gt das Land, die Ausf\u00fchrungskosten gehen zu Lasten der Grundst\u00fcckseigent\u00fcmer, allerdings gibt es daf\u00fcr Zusch\u00fcsse von insgesamt bis zu 85 Prozent der zuschussf\u00e4higen Kosten. Bei gesch\u00e4tzten Kosten von 1200 Euro pro Hektar in der Ortsrandlage m\u00fcssten Eigent\u00fcmer eines hektargro\u00dfen Gel\u00e4ndes demnach 180 Euro zahlen. Innerhalb der Ortslage sch\u00e4tzt Burkhard die Kosten <strong>pro Grundst\u00fcck<\/strong> auf durchschnittlich etwa 120 Euro. Insgesamt werden auf s\u00e4mtliche Anlieger Kosten von 40.500 Euro (27 Hektar Ortslage) und 10.260 Euro f\u00fcr 57 Hektar in der Feldmark umgelegt.<\/p>\n<p>Und so sieht der Zeitplan f\u00fcr die Flurbereinigung in Winden aus:<\/p>\n<p>&#8211; Nach der Freigabe durch das zust\u00e4ndige Ministerium und dem Erlass eine f\u00f6rmlichen Flurbereinigungsbeschlusses, w\u00e4hlt die <strong>Teilnehmergemeinschaft<\/strong> einen Vorstand und einen Vorsitzenden.<br \/>\n&#8211; Der schwierigste Akt ist laut Burkhard die &#8211; notfalls weltweite &#8211;<strong> Ermittlung der Grundst\u00fcckseigent\u00fcmer <\/strong>und ihrer Erben. Die ist deshalb schwierig, weil viele Einwohner aus dem Nassauer Land Mitte des 19. Jahrhunderts beispielsweise nach Texas ausgewandert sind.<br \/>\n&#8211; Anschlie\u00dfend beginnt die Ermittlung der <strong>Grundst\u00fcckswerte <\/strong>mit der Festlegung ihres Verkehrs- oder Tauschwertes. Au\u00dferhalb der Ortslage werden sogenannte Wertzonen gebildet, die als Grundlage f\u00fcr den Tausch und die Arrondierung von Besitzst\u00e4nden dienen. Nach einer Neuplanung der Wege und Gew\u00e4sser folgt eine <strong>Neuvermessung<\/strong> der Grundst\u00fccke.<br \/>\n&#8211; In einem sogenannten<strong> Wunschplangespr\u00e4ch <\/strong>k\u00f6nnen die Grundst\u00fcckseigent\u00fcmer ihre W\u00fcnsche anmelden. Hier gelte der Grundsatz der &#8222;wergleichen Abfindung&#8220;, sagte Burkard. Zu 95 Prozent und mehr verliefen diese Gespr\u00e4che erfolgreich.<br \/>\n&#8211; Schlie\u00dflich erfolgt die <strong>Besitzeinweisung<\/strong> und Bekanntgabe im Flurbereinigungsplan.<br \/>\n&#8211; Mit einer <strong>Ausf\u00fchrungsanordnung<\/strong>, der Berichtigung der \u00f6ffentlichen B\u00fccher (Grundb\u00fccher), der Abrechnung und Schlussfeststellung endet das Flurbereinigungsverfahren.<\/p>\n<p>Burkhard wies darauf hin, dass zwischen zwei und acht Prozent Fl\u00e4chenabzug f\u00fcr Wege und \u00f6ffentliche Anlagen von den Eigent\u00fcmern unentgeltlich aufzubringen sind. Ziel seien einvernehmliche L\u00f6sungen. Gegen s\u00e4mtliche der etwa zehn Verwaltungsakte im Zuge der Flurbereinigung h\u00e4tten die Grundst\u00fcckeigent\u00fcmer aber ein Widerspruchsrecht mit Klagem\u00f6glichkeit, notfalls bis zum Bundesverwaltungsgericht.<\/p>\n<p><a href=\"http:\/\/www.wir-in-winden.de\/wp-content\/uploads\/2012\/03\/flurbereinigung3.jpg\"><img loading=\"lazy\" decoding=\"async\" class=\"alignnone size-full wp-image-3517\" title=\"flurbereinigung3\" src=\"http:\/\/www.wir-in-winden.de\/wp-content\/uploads\/2012\/03\/flurbereinigung3.jpg\" alt=\"\" width=\"500\" height=\"288\" srcset=\"http:\/\/www.wir-in-winden.de\/wp-content\/uploads\/2012\/03\/flurbereinigung3.jpg 945w, http:\/\/www.wir-in-winden.de\/wp-content\/uploads\/2012\/03\/flurbereinigung3-300x173.jpg 300w\" sizes=\"auto, (max-width: 500px) 100vw, 500px\" \/><\/a><\/p>\n","protected":false},"excerpt":{"rendered":"<p>\u00dcber die Ziele und Ablauf der bevorstehenden Flurbereinigung hat das Dienstleistungszentrum L\u00e4ndlicher Raum Westerwald-Osteifel am Donnerstagabend interessierte Grundst\u00fcckseigent\u00fcmer und B\u00fcrger im Pfarrheim informiert. Bis zum Jahr 2016 soll die Neuordnung der Grundst\u00fccksgrenzen und Grundst\u00fcckszuschnitte innerhalb eines Gro\u00dfteils der Dorflage und der umliegenden Windener Feld- und Waldgemarkung abgeschlossen sein, erl\u00e4uterte Theodor Burkhard. Erste Schritte sollen aber [&hellip;]<\/p>\n","protected":false},"author":1,"featured_media":0,"comment_status":"open","ping_status":"open","sticky":false,"template":"","format":"standard","meta":{"footnotes":""},"categories":[47],"tags":[],"class_list":["post-3513","post","type-post","status-publish","format-standard","hentry","category-dorfflurbereinigung"],"_links":{"self":[{"href":"http:\/\/www.wir-in-winden.de\/index.php?rest_route=\/wp\/v2\/posts\/3513","targetHints":{"allow":["GET"]}}],"collection":[{"href":"http:\/\/www.wir-in-winden.de\/index.php?rest_route=\/wp\/v2\/posts"}],"about":[{"href":"http:\/\/www.wir-in-winden.de\/index.php?rest_route=\/wp\/v2\/types\/post"}],"author":[{"embeddable":true,"href":"http:\/\/www.wir-in-winden.de\/index.php?rest_route=\/wp\/v2\/users\/1"}],"replies":[{"embeddable":true,"href":"http:\/\/www.wir-in-winden.de\/index.php?rest_route=%2Fwp%2Fv2%2Fcomments&post=3513"}],"version-history":[{"count":25,"href":"http:\/\/www.wir-in-winden.de\/index.php?rest_route=\/wp\/v2\/posts\/3513\/revisions"}],"predecessor-version":[{"id":3525,"href":"http:\/\/www.wir-in-winden.de\/index.php?rest_route=\/wp\/v2\/posts\/3513\/revisions\/3525"}],"wp:attachment":[{"href":"http:\/\/www.wir-in-winden.de\/index.php?rest_route=%2Fwp%2Fv2%2Fmedia&parent=3513"}],"wp:term":[{"taxonomy":"category","embeddable":true,"href":"http:\/\/www.wir-in-winden.de\/index.php?rest_route=%2Fwp%2Fv2%2Fcategories&post=3513"},{"taxonomy":"post_tag","embeddable":true,"href":"http:\/\/www.wir-in-winden.de\/index.php?rest_route=%2Fwp%2Fv2%2Ftags&post=3513"}],"curies":[{"name":"wp","href":"https:\/\/api.w.org\/{rel}","templated":true}]}}