{"id":12871,"date":"2026-04-27T21:24:14","date_gmt":"2026-04-27T19:24:14","guid":{"rendered":"https:\/\/www.wir-in-winden.de\/?p=12871"},"modified":"2026-04-27T21:24:14","modified_gmt":"2026-04-27T19:24:14","slug":"vorabendgottesdienst-an-der-mariengrotte","status":"publish","type":"post","link":"http:\/\/www.wir-in-winden.de\/?p=12871","title":{"rendered":"Vorabendgottesdienst an der Mariengrotte"},"content":{"rendered":"\n<figure class=\"wp-block-image size-full\"><img loading=\"lazy\" decoding=\"async\" width=\"500\" height=\"372\" src=\"https:\/\/www.wir-in-winden.de\/wp-content\/uploads\/2026\/04\/Screenshot_20260424_095218_Gallery-1_edited.jpg\" alt=\"\" class=\"wp-image-12872\" srcset=\"http:\/\/www.wir-in-winden.de\/wp-content\/uploads\/2026\/04\/Screenshot_20260424_095218_Gallery-1_edited.jpg 500w, http:\/\/www.wir-in-winden.de\/wp-content\/uploads\/2026\/04\/Screenshot_20260424_095218_Gallery-1_edited-300x223.jpg 300w\" sizes=\"auto, (max-width: 500px) 100vw, 500px\" \/><\/figure>\n\n\n\n<p>Der Monat Mai wird gemeinhin auch als Marien- und Wonnemonat bezeichnet. Die Natur erwacht zu neuem Leben, und die Menschen zieht es ins Freie. Was liegt da n\u00e4her, dass auch Kirche einmal die festen Mauern der Gottesh\u00e4user verl\u00e4sst und sich nach drau\u00dfen begibt. Daher plant der Ortsausschuss von St. Willibrord Winden die <strong>Vorabendmesse zu Christi Himmelfahrt am Mittwoch, den 13. Mai 2026, um 18:00 Uhr vor der Mariengrotte im Pfarrgarten <\/strong>zu feiern. Hierzu wird herzlich eingeladen. <\/p>\n\n\n\n<p>Im Anschluss sind alle Gottesdienstbesucher zu einem gem\u00fctlichen D\u00e4mmerschoppen bei Bratwurst und diversen Getr\u00e4nken eingeladen, ein wenig im sch\u00f6nen Ambiente des Pfarrgartens zu verweilen.\u00a0 Sollten die Wetterverh\u00e4ltnisse dies nicht zulassen, wird in die festen Mauern der Kirche bzw. Pfarrheim umgezogen. F\u00fcr die in Anspruch genommenen Speisen und Getr\u00e4nke wird eine angemessene Spende erbeten, deren Erl\u00f6s f\u00fcr die Restaurierung der Windener Wegkreuze bestimmt ist.<\/p>\n\n\n\n<p>Bereits am <strong>Mittwoch, den 06. Mai 2026, findet um 18:00 Uhr<\/strong> der erste Gottesdienst in und um die <strong>Michaelskapelle<\/strong> statt. Auch hierzu ergeht eine herzliche Einladung. Die Gottesdienste in der Michaelskapelle finden in der Regel im Mai und September statt und erfreuen sich allgemeiner Beliebtheit.\u00a0 Auch hier gilt, bei schlechtem Wetter findet der Gottesdienst in der Kirche statt.<\/p>\n\n\n\n<figure class=\"wp-block-image size-full\"><img loading=\"lazy\" decoding=\"async\" width=\"500\" height=\"833\" src=\"https:\/\/www.wir-in-winden.de\/wp-content\/uploads\/2026\/04\/Michaelskapelle_edited.jpg\" alt=\"\" class=\"wp-image-12873\" srcset=\"http:\/\/www.wir-in-winden.de\/wp-content\/uploads\/2026\/04\/Michaelskapelle_edited.jpg 500w, http:\/\/www.wir-in-winden.de\/wp-content\/uploads\/2026\/04\/Michaelskapelle_edited-180x300.jpg 180w\" sizes=\"auto, (max-width: 500px) 100vw, 500px\" \/><\/figure>\n","protected":false},"excerpt":{"rendered":"<p>Der Monat Mai wird gemeinhin auch als Marien- und Wonnemonat bezeichnet. Die Natur erwacht zu neuem Leben, und die Menschen zieht es ins Freie. Was liegt da n\u00e4her, dass auch Kirche einmal die festen Mauern der Gottesh\u00e4user verl\u00e4sst und sich nach drau\u00dfen begibt. Daher plant der Ortsausschuss von St. Willibrord Winden die Vorabendmesse zu Christi [&hellip;]<\/p>\n","protected":false},"author":1,"featured_media":0,"comment_status":"open","ping_status":"open","sticky":false,"template":"","format":"standard","meta":{"footnotes":""},"categories":[31],"tags":[],"class_list":["post-12871","post","type-post","status-publish","format-standard","hentry","category-katholische-kirchengemeinde"],"_links":{"self":[{"href":"http:\/\/www.wir-in-winden.de\/index.php?rest_route=\/wp\/v2\/posts\/12871","targetHints":{"allow":["GET"]}}],"collection":[{"href":"http:\/\/www.wir-in-winden.de\/index.php?rest_route=\/wp\/v2\/posts"}],"about":[{"href":"http:\/\/www.wir-in-winden.de\/index.php?rest_route=\/wp\/v2\/types\/post"}],"author":[{"embeddable":true,"href":"http:\/\/www.wir-in-winden.de\/index.php?rest_route=\/wp\/v2\/users\/1"}],"replies":[{"embeddable":true,"href":"http:\/\/www.wir-in-winden.de\/index.php?rest_route=%2Fwp%2Fv2%2Fcomments&post=12871"}],"version-history":[{"count":1,"href":"http:\/\/www.wir-in-winden.de\/index.php?rest_route=\/wp\/v2\/posts\/12871\/revisions"}],"predecessor-version":[{"id":12874,"href":"http:\/\/www.wir-in-winden.de\/index.php?rest_route=\/wp\/v2\/posts\/12871\/revisions\/12874"}],"wp:attachment":[{"href":"http:\/\/www.wir-in-winden.de\/index.php?rest_route=%2Fwp%2Fv2%2Fmedia&parent=12871"}],"wp:term":[{"taxonomy":"category","embeddable":true,"href":"http:\/\/www.wir-in-winden.de\/index.php?rest_route=%2Fwp%2Fv2%2Fcategories&post=12871"},{"taxonomy":"post_tag","embeddable":true,"href":"http:\/\/www.wir-in-winden.de\/index.php?rest_route=%2Fwp%2Fv2%2Ftags&post=12871"}],"curies":[{"name":"wp","href":"https:\/\/api.w.org\/{rel}","templated":true}]}}