{"id":12863,"date":"2026-04-27T21:06:15","date_gmt":"2026-04-27T19:06:15","guid":{"rendered":"https:\/\/www.wir-in-winden.de\/?p=12863"},"modified":"2026-04-27T21:08:19","modified_gmt":"2026-04-27T19:08:19","slug":"waldweg-unterhalb-der-kita-gesperrt","status":"publish","type":"post","link":"http:\/\/www.wir-in-winden.de\/?p=12863","title":{"rendered":"Waldweg unterhalb der Kita gesperrt"},"content":{"rendered":"\n<figure class=\"wp-block-image size-full\"><img loading=\"lazy\" decoding=\"async\" width=\"500\" height=\"667\" src=\"https:\/\/www.wir-in-winden.de\/wp-content\/uploads\/2026\/04\/IMG_2122_edited.jpg\" alt=\"\" class=\"wp-image-12865\" srcset=\"http:\/\/www.wir-in-winden.de\/wp-content\/uploads\/2026\/04\/IMG_2122_edited.jpg 500w, http:\/\/www.wir-in-winden.de\/wp-content\/uploads\/2026\/04\/IMG_2122_edited-225x300.jpg 225w\" sizes=\"auto, (max-width: 500px) 100vw, 500px\" \/><\/figure>\n\n\n\n<p>Der befestigte <strong>Waldweg unterhalb der Kita Winden<\/strong> ist in der Zeit vom <strong>1. April bis einschlie\u00dflich 30. November<\/strong> f\u00fcr den allgemeinen Fahrzeugverkehr gesperrt. Der Weg wird t\u00e4glich von Sch\u00fclerinnen und Sch\u00fclern sowie von Kindergartenkindern genutzt. Durch widerrechtliches Befahren entsteht eine erhebliche Gef\u00e4hrdung f\u00fcr diese besonders schutzbed\u00fcrftigen Verkehrsteilnehmer. Die Ortsgemeinde Winden bittet alle Einwohner und Verkehrsteilnehmer eindringlich um Beachtung dieser Regelung und um r\u00fccksichtsvolles Verhalten. Zuwiderhandlungen stellen einen Versto\u00df gegen die geltenden Verkehrsregelungen dar und werden entsprechend kontrolliert und geahndet.<\/p>\n\n\n\n<p><\/p>\n","protected":false},"excerpt":{"rendered":"<p>Der befestigte Waldweg unterhalb der Kita Winden ist in der Zeit vom 1. April bis einschlie\u00dflich 30. November f\u00fcr den allgemeinen Fahrzeugverkehr gesperrt. Der Weg wird t\u00e4glich von Sch\u00fclerinnen und Sch\u00fclern sowie von Kindergartenkindern genutzt. Durch widerrechtliches Befahren entsteht eine erhebliche Gef\u00e4hrdung f\u00fcr diese besonders schutzbed\u00fcrftigen Verkehrsteilnehmer. Die Ortsgemeinde Winden bittet alle Einwohner und Verkehrsteilnehmer [&hellip;]<\/p>\n","protected":false},"author":1,"featured_media":0,"comment_status":"open","ping_status":"open","sticky":false,"template":"","format":"standard","meta":{"footnotes":""},"categories":[33],"tags":[],"class_list":["post-12863","post","type-post","status-publish","format-standard","hentry","category-verkehr"],"_links":{"self":[{"href":"http:\/\/www.wir-in-winden.de\/index.php?rest_route=\/wp\/v2\/posts\/12863","targetHints":{"allow":["GET"]}}],"collection":[{"href":"http:\/\/www.wir-in-winden.de\/index.php?rest_route=\/wp\/v2\/posts"}],"about":[{"href":"http:\/\/www.wir-in-winden.de\/index.php?rest_route=\/wp\/v2\/types\/post"}],"author":[{"embeddable":true,"href":"http:\/\/www.wir-in-winden.de\/index.php?rest_route=\/wp\/v2\/users\/1"}],"replies":[{"embeddable":true,"href":"http:\/\/www.wir-in-winden.de\/index.php?rest_route=%2Fwp%2Fv2%2Fcomments&post=12863"}],"version-history":[{"count":2,"href":"http:\/\/www.wir-in-winden.de\/index.php?rest_route=\/wp\/v2\/posts\/12863\/revisions"}],"predecessor-version":[{"id":12866,"href":"http:\/\/www.wir-in-winden.de\/index.php?rest_route=\/wp\/v2\/posts\/12863\/revisions\/12866"}],"wp:attachment":[{"href":"http:\/\/www.wir-in-winden.de\/index.php?rest_route=%2Fwp%2Fv2%2Fmedia&parent=12863"}],"wp:term":[{"taxonomy":"category","embeddable":true,"href":"http:\/\/www.wir-in-winden.de\/index.php?rest_route=%2Fwp%2Fv2%2Fcategories&post=12863"},{"taxonomy":"post_tag","embeddable":true,"href":"http:\/\/www.wir-in-winden.de\/index.php?rest_route=%2Fwp%2Fv2%2Ftags&post=12863"}],"curies":[{"name":"wp","href":"https:\/\/api.w.org\/{rel}","templated":true}]}}