{"id":12435,"date":"2025-06-26T19:48:39","date_gmt":"2025-06-26T17:48:39","guid":{"rendered":"https:\/\/www.wir-in-winden.de\/?p=12435"},"modified":"2025-06-26T19:55:33","modified_gmt":"2025-06-26T17:55:33","slug":"winden-feiert-ihr-775-jubilaeum-mit-einem-gelungenen-fest","status":"publish","type":"post","link":"http:\/\/www.wir-in-winden.de\/?p=12435","title":{"rendered":"Winden feiert 775. Jubil\u00e4um mit einem gelungenen Fest"},"content":{"rendered":"\n<figure class=\"wp-block-image size-full\"><img loading=\"lazy\" decoding=\"async\" width=\"500\" height=\"268\" src=\"https:\/\/www.wir-in-winden.de\/wp-content\/uploads\/2025\/06\/LFCXE1895.jpg\" alt=\"\" class=\"wp-image-12437\" srcset=\"http:\/\/www.wir-in-winden.de\/wp-content\/uploads\/2025\/06\/LFCXE1895.jpg 500w, http:\/\/www.wir-in-winden.de\/wp-content\/uploads\/2025\/06\/LFCXE1895-300x161.jpg 300w\" sizes=\"auto, (max-width: 500px) 100vw, 500px\" \/><\/figure>\n\n\n\n<p class=\"has-small-font-size\">Vier Tage lang \u2013 vom 19. bis 22. Juni 2025 \u2013 feierte unsere Gemeinde mit viel Herz, Engagement und Lebensfreude das 775-j\u00e4hrige Bestehen von Winden. Es waren unvergessliche Tage, an denen deutlich wurde, wie viel Zusammenhalt, Kreativit\u00e4t und Gemeinsinn in unserer Dorfgemeinschaft stecken.<\/p>\n\n\n\n<figure class=\"wp-block-image size-full\"><img loading=\"lazy\" decoding=\"async\" width=\"500\" height=\"333\" src=\"https:\/\/www.wir-in-winden.de\/wp-content\/uploads\/2025\/06\/IMG_0064-KL.jpg\" alt=\"\" class=\"wp-image-12438\" srcset=\"http:\/\/www.wir-in-winden.de\/wp-content\/uploads\/2025\/06\/IMG_0064-KL.jpg 500w, http:\/\/www.wir-in-winden.de\/wp-content\/uploads\/2025\/06\/IMG_0064-KL-300x200.jpg 300w\" sizes=\"auto, (max-width: 500px) 100vw, 500px\" \/><\/figure>\n\n\n\n<p class=\"has-small-font-size\"><br><strong>Ein Auftakt mit Tradition und Glauben <\/strong><\/p>\n\n\n\n<p class=\"has-small-font-size\">Die Feierlichkeiten begannen am Donnerstag, 19. Juni, mit der Fronleichnamsprozession. Bei herrlichem Wetter zogen viele Gl\u00e4ubige durch den festlich geschm\u00fcckten Ort. Liebevoll gestaltete Alt\u00e4re, von Familien, Nachbarschaften und des Ortsausschusses der kath. Kirche Winden errichtet, s\u00e4umten den Prozessionsweg. Gro\u00dfe wie kleine Mitwirkende machten diesen Tag zu einem w\u00fcrdevollen Start in die Jubil\u00e4umstage.<\/p>\n\n\n\n<figure class=\"wp-block-image size-full is-resized\"><img loading=\"lazy\" decoding=\"async\" width=\"500\" height=\"333\" src=\"https:\/\/www.wir-in-winden.de\/wp-content\/uploads\/2025\/06\/IMG_9392.jpg\" alt=\"\" class=\"wp-image-12439\" style=\"width:500px\" srcset=\"http:\/\/www.wir-in-winden.de\/wp-content\/uploads\/2025\/06\/IMG_9392.jpg 500w, http:\/\/www.wir-in-winden.de\/wp-content\/uploads\/2025\/06\/IMG_9392-300x200.jpg 300w\" sizes=\"auto, (max-width: 500px) 100vw, 500px\" \/><\/figure>\n\n\n\n<figure class=\"wp-block-image size-full\"><img loading=\"lazy\" decoding=\"async\" width=\"500\" height=\"333\" src=\"https:\/\/www.wir-in-winden.de\/wp-content\/uploads\/2025\/06\/IMG_9891-KL.jpg\" alt=\"\" class=\"wp-image-12440\" srcset=\"http:\/\/www.wir-in-winden.de\/wp-content\/uploads\/2025\/06\/IMG_9891-KL.jpg 500w, http:\/\/www.wir-in-winden.de\/wp-content\/uploads\/2025\/06\/IMG_9891-KL-300x200.jpg 300w\" sizes=\"auto, (max-width: 500px) 100vw, 500px\" \/><\/figure>\n\n\n\n<p class=\"has-small-font-size\"><strong>Fr\u00fchst\u00fcck unter freiem Himmel \u2013 gelebte Nachbarschaft<\/strong><\/p>\n\n\n\n<p class=\"has-small-font-size\">Am Freitagmorgen trafen sich knapp 100 B\u00fcrgerinnen und B\u00fcrger zu einem gemeinsamen Fr\u00fchst\u00fcck in der Stra\u00dfe \u201cNeuer Weg\u201d. Die Ortsgemeinde hatte Brot und Br\u00f6tchen bereitgestellt, die Anwohner k\u00fcmmerten sich mit gro\u00dfer Hilfsbereitschaft um Zelte, Sitzgelegenheiten und das Drumherum. Entstanden ist ein gem\u00fctlicher Ort des Austauschs, an dem Generationen zusammenkamen, um miteinander ins Gespr\u00e4ch zu kommen und Gemeinschaft zu erleben.<\/p>\n\n\n\n<figure class=\"wp-block-image size-full\"><img loading=\"lazy\" decoding=\"async\" width=\"500\" height=\"333\" src=\"https:\/\/www.wir-in-winden.de\/wp-content\/uploads\/2025\/06\/IMG_9963-KL.jpg\" alt=\"\" class=\"wp-image-12441\" srcset=\"http:\/\/www.wir-in-winden.de\/wp-content\/uploads\/2025\/06\/IMG_9963-KL.jpg 500w, http:\/\/www.wir-in-winden.de\/wp-content\/uploads\/2025\/06\/IMG_9963-KL-300x200.jpg 300w\" sizes=\"auto, (max-width: 500px) 100vw, 500px\" \/><\/figure>\n\n\n\n<p class=\"has-small-font-size\"><br>Im Anschluss ging es gleich weiter: Der \u201eNeue Weg\u201c verwandelte sich in ein fr\u00f6hliches Stra\u00dfenfest \u2013 organisiert von den Anwohnerinnen und Anwohnern selbst. Diese Form der Eigeninitiative zeigt eindrucksvoll, was m\u00f6glich ist, wenn Menschen sich zusammentun.<\/p>\n\n\n\n<figure class=\"wp-block-image size-full\"><img loading=\"lazy\" decoding=\"async\" width=\"500\" height=\"530\" src=\"https:\/\/www.wir-in-winden.de\/wp-content\/uploads\/2025\/06\/IMG_E9350.jpg\" alt=\"\" class=\"wp-image-12442\" srcset=\"http:\/\/www.wir-in-winden.de\/wp-content\/uploads\/2025\/06\/IMG_E9350.jpg 500w, http:\/\/www.wir-in-winden.de\/wp-content\/uploads\/2025\/06\/IMG_E9350-283x300.jpg 283w\" sizes=\"auto, (max-width: 500px) 100vw, 500px\" \/><\/figure>\n\n\n\n<p class=\"has-small-font-size\"><strong>H\u00f6fefest \u2013 Winden zeigt, was es kann<\/strong><\/p>\n\n\n\n<p class=\"has-small-font-size\">Am Samstag, den 21. Juni, \u00f6ffnete das lang ersehnte H\u00f6fefest. Die Ortsmitte erstrahlte im festlichen Glanz. Die teilnehmenden H\u00f6fe \u2013 jeder auf seine Weise individuell \u2013 hatten sich herausgeputzt und boten den Besucherinnen und Besuchern ein vielf\u00e4ltiges Bild: von kulinarischen Spezialit\u00e4ten \u00fcber liebevoll dekorierte Sitzecken bis hin zu Kunsthandwerk und Musik. Bunte Wimpelketten spannten sich \u00fcber die Stra\u00dfen, und ein beeindruckender Festbaum wurde aufgestellt \u2013 ein Symbol f\u00fcr Wachstum, Wurzeln und Zusammenhalt.<\/p>\n\n\n\n<figure class=\"wp-block-image size-full\"><img loading=\"lazy\" decoding=\"async\" width=\"500\" height=\"661\" src=\"https:\/\/www.wir-in-winden.de\/wp-content\/uploads\/2025\/06\/IMG_E9321.jpg\" alt=\"\" class=\"wp-image-12443\" srcset=\"http:\/\/www.wir-in-winden.de\/wp-content\/uploads\/2025\/06\/IMG_E9321.jpg 500w, http:\/\/www.wir-in-winden.de\/wp-content\/uploads\/2025\/06\/IMG_E9321-227x300.jpg 227w\" sizes=\"auto, (max-width: 500px) 100vw, 500px\" \/><\/figure>\n\n\n\n<p class=\"has-small-font-size\">Ein besonderer Dank gilt an dieser Stelle<strong> J\u00f6rg Weber<\/strong> sowie<strong> Markus R\u00fcbsamen<\/strong> mit seinem gesamten Organisationsteam. Sie haben im Vorfeld mit gro\u00dfem Einsatz, vielen Ideen und Liebe zum Detail daf\u00fcr gesorgt, dass das H\u00f6fefest ein voller Erfolg wurde. Planung, Koordination, Aufbau \u2013 vieles lief im Hintergrund, und genau daf\u00fcr m\u00f6chten wir herzlich Danke sagen! Am Abend wurde dann im Hof von Markus R\u00fcbsamen, im ehemaligen Lebensmittelgesch\u00e4ft Klug, gefeiert. In dieser besonderen Kulisse, begleitet von Gitarrenkl\u00e4ngen, regionalem Wein und einem lauen Sommerabend, entstand eine Atmosph\u00e4re, wie man sie sich sch\u00f6ner kaum w\u00fcnschen kann. Viele G\u00e4ste sagten: \u201eIn der Toskana ist es nicht idyllischer.\u201c Dieses Fest war ein echtes Geschenk f\u00fcr alle Sinne.<\/p>\n\n\n\n<p class=\"has-small-font-size\"><strong>Sonntag \u2013 Glaube, Besuch und Dankbarkeit<\/strong><\/p>\n\n\n\n<p class=\"has-small-font-size\">Der Festsonntag begann mit einem feierlichen Pontifikalamt, zelebriert von <strong>Bischof Dr. Georg B\u00e4tzing<\/strong>. Die Kirche war gut gef\u00fcllt, der Gottesdienst w\u00fcrdig und feierlich. Im Anschluss sprachen Vertreter aus Kirche, Politik und Gesellschaft ihre Gru\u00dfworte, in denen die Bedeutung der Dorfgemeinschaft und das langj\u00e4hrige Bestehen Windens betont wurden. Parallel dazu wurde das H\u00f6fefest fortgesetzt, und erneut luden die ge\u00f6ffneten H\u00f6fe zum Verweilen, Entdecken und Genie\u00dfen ein. Die Kirchengemeinde hatte zudem zu einem kleinen Empfang ins Pfarrheim eingeladen, der von vielen G\u00e4sten gerne angenommen wurde. Einziger kleiner Wermutstropfen: Das Wetter war beinahe zu gut \u2013 mit Temperaturen weit \u00fcber 30 Grad \u2013 was verst\u00e4ndlicherweise einige davon abhielt, nochmals auf das H\u00f6fefest zu kommen. Dennoch war die Resonanz durchweg positiv, und viele Besucherinnen und Besucher \u00e4u\u00dferten ihren Dank f\u00fcr die vielen liebevollen Details und die herzliche Atmosph\u00e4re.<\/p>\n\n\n\n<figure class=\"wp-block-image size-full\"><img loading=\"lazy\" decoding=\"async\" width=\"500\" height=\"333\" src=\"https:\/\/www.wir-in-winden.de\/wp-content\/uploads\/2025\/06\/IMG_9394.jpg\" alt=\"\" class=\"wp-image-12444\" srcset=\"http:\/\/www.wir-in-winden.de\/wp-content\/uploads\/2025\/06\/IMG_9394.jpg 500w, http:\/\/www.wir-in-winden.de\/wp-content\/uploads\/2025\/06\/IMG_9394-300x200.jpg 300w\" sizes=\"auto, (max-width: 500px) 100vw, 500px\" \/><\/figure>\n\n\n\n<p class=\"has-small-font-size\"><strong>Gemeinschaft, die tr\u00e4gt<\/strong><\/p>\n\n\n\n<p class=\"has-small-font-size\">Was bleibt von diesen vier Tagen? Die Erinnerung an ein Jubil\u00e4um, das nicht nur ein Fest, sondern ein echtes Zeichen lebendiger Dorfgemeinschaft war. Viele haben mitgedacht, mitgemacht, organisiert, aufgebaut, geschm\u00fcckt, gekocht, musiziert, bewirtet oder einfach mitgefeiert. Ohne euch \u2013 ohne euren Einsatz \u2013 w\u00e4re dieses Fest in dieser Form nicht m\u00f6glich gewesen.<\/p>\n\n\n\n<figure class=\"wp-block-image size-full\"><img loading=\"lazy\" decoding=\"async\" width=\"500\" height=\"667\" src=\"https:\/\/www.wir-in-winden.de\/wp-content\/uploads\/2025\/06\/IMG_9333-rotated.jpg\" alt=\"\" class=\"wp-image-12445\" srcset=\"http:\/\/www.wir-in-winden.de\/wp-content\/uploads\/2025\/06\/IMG_9333-rotated.jpg 500w, http:\/\/www.wir-in-winden.de\/wp-content\/uploads\/2025\/06\/IMG_9333-225x300.jpg 225w\" sizes=\"auto, (max-width: 500px) 100vw, 500px\" \/><\/figure>\n\n\n\n<p class=\"has-small-font-size\">Wir sagen von Herzen Danke \u2013<br>\u2026 an alle Helferinnen und Helfer<br>\u2026 an alle, die ihre H\u00f6fe ge\u00f6ffnet und gestaltet haben<br>\u2026 an die Anwohner, die unterst\u00fctzt, mitgetragen und angepackt haben<br>\u2026 an alle G\u00e4ste aus nah und fern, die dieses Fest mit uns gefeiert haben<br>Ihr seid das R\u00fcckgrat unserer Gemeinde, und euer Engagement macht<br>Winden zu dem Ort, der er ist \u2013 lebendig, offen, verbunden.<br>Ein herzliches Dankesch\u00f6n sagen euch<br>der Ortsgemeinderat,<br>der Ortsb\u00fcrgermeister,<br>und die gesamte Ortsgemeinde Winden<\/p>\n","protected":false},"excerpt":{"rendered":"<p>Vier Tage lang \u2013 vom 19. bis 22. Juni 2025 \u2013 feierte unsere Gemeinde mit viel Herz, Engagement und Lebensfreude das 775-j\u00e4hrige Bestehen von Winden. Es waren unvergessliche Tage, an denen deutlich wurde, wie viel Zusammenhalt, Kreativit\u00e4t und Gemeinsinn in unserer Dorfgemeinschaft stecken. Ein Auftakt mit Tradition und Glauben Die Feierlichkeiten begannen am Donnerstag, 19. [&hellip;]<\/p>\n","protected":false},"author":1,"featured_media":0,"comment_status":"open","ping_status":"open","sticky":false,"template":"","format":"standard","meta":{"footnotes":""},"categories":[7],"tags":[],"class_list":["post-12435","post","type-post","status-publish","format-standard","hentry","category-allgemein"],"_links":{"self":[{"href":"http:\/\/www.wir-in-winden.de\/index.php?rest_route=\/wp\/v2\/posts\/12435","targetHints":{"allow":["GET"]}}],"collection":[{"href":"http:\/\/www.wir-in-winden.de\/index.php?rest_route=\/wp\/v2\/posts"}],"about":[{"href":"http:\/\/www.wir-in-winden.de\/index.php?rest_route=\/wp\/v2\/types\/post"}],"author":[{"embeddable":true,"href":"http:\/\/www.wir-in-winden.de\/index.php?rest_route=\/wp\/v2\/users\/1"}],"replies":[{"embeddable":true,"href":"http:\/\/www.wir-in-winden.de\/index.php?rest_route=%2Fwp%2Fv2%2Fcomments&post=12435"}],"version-history":[{"count":7,"href":"http:\/\/www.wir-in-winden.de\/index.php?rest_route=\/wp\/v2\/posts\/12435\/revisions"}],"predecessor-version":[{"id":12452,"href":"http:\/\/www.wir-in-winden.de\/index.php?rest_route=\/wp\/v2\/posts\/12435\/revisions\/12452"}],"wp:attachment":[{"href":"http:\/\/www.wir-in-winden.de\/index.php?rest_route=%2Fwp%2Fv2%2Fmedia&parent=12435"}],"wp:term":[{"taxonomy":"category","embeddable":true,"href":"http:\/\/www.wir-in-winden.de\/index.php?rest_route=%2Fwp%2Fv2%2Fcategories&post=12435"},{"taxonomy":"post_tag","embeddable":true,"href":"http:\/\/www.wir-in-winden.de\/index.php?rest_route=%2Fwp%2Fv2%2Ftags&post=12435"}],"curies":[{"name":"wp","href":"https:\/\/api.w.org\/{rel}","templated":true}]}}