{"id":11362,"date":"2023-11-06T20:46:17","date_gmt":"2023-11-06T18:46:17","guid":{"rendered":"http:\/\/www.wir-in-winden.de\/?p=11362"},"modified":"2023-11-07T21:40:27","modified_gmt":"2023-11-07T19:40:27","slug":"volkstrauertag-am-ehrenmal","status":"publish","type":"post","link":"http:\/\/www.wir-in-winden.de\/?p=11362","title":{"rendered":"Volkstrauertag am Ehrenmal"},"content":{"rendered":"\n<p>Die Ortsgemeinde Winden l\u00e4dt zur Gedenkfeier\u00a0 des Volkstrauertages am  <strong>Samstag, 18. November, um 17.30 Uhr<\/strong> ein. Die Gedenkfeier findet am <strong>Ehrenmal in der Hauptstra\u00dfe<\/strong> statt. Anschlie\u00dfend besteht die M\u00f6glichkeit zum Besuch der Vorabendmesse.<\/p>\n","protected":false},"excerpt":{"rendered":"<p>Die Ortsgemeinde Winden l\u00e4dt zur Gedenkfeier\u00a0 des Volkstrauertages am Samstag, 18. November, um 17.30 Uhr ein. Die Gedenkfeier findet am Ehrenmal in der Hauptstra\u00dfe statt. Anschlie\u00dfend besteht die M\u00f6glichkeit zum Besuch der Vorabendmesse.<\/p>\n","protected":false},"author":1,"featured_media":0,"comment_status":"open","ping_status":"open","sticky":false,"template":"","format":"standard","meta":{"footnotes":""},"categories":[7],"tags":[],"class_list":["post-11362","post","type-post","status-publish","format-standard","hentry","category-allgemein"],"_links":{"self":[{"href":"http:\/\/www.wir-in-winden.de\/index.php?rest_route=\/wp\/v2\/posts\/11362","targetHints":{"allow":["GET"]}}],"collection":[{"href":"http:\/\/www.wir-in-winden.de\/index.php?rest_route=\/wp\/v2\/posts"}],"about":[{"href":"http:\/\/www.wir-in-winden.de\/index.php?rest_route=\/wp\/v2\/types\/post"}],"author":[{"embeddable":true,"href":"http:\/\/www.wir-in-winden.de\/index.php?rest_route=\/wp\/v2\/users\/1"}],"replies":[{"embeddable":true,"href":"http:\/\/www.wir-in-winden.de\/index.php?rest_route=%2Fwp%2Fv2%2Fcomments&post=11362"}],"version-history":[{"count":2,"href":"http:\/\/www.wir-in-winden.de\/index.php?rest_route=\/wp\/v2\/posts\/11362\/revisions"}],"predecessor-version":[{"id":11369,"href":"http:\/\/www.wir-in-winden.de\/index.php?rest_route=\/wp\/v2\/posts\/11362\/revisions\/11369"}],"wp:attachment":[{"href":"http:\/\/www.wir-in-winden.de\/index.php?rest_route=%2Fwp%2Fv2%2Fmedia&parent=11362"}],"wp:term":[{"taxonomy":"category","embeddable":true,"href":"http:\/\/www.wir-in-winden.de\/index.php?rest_route=%2Fwp%2Fv2%2Fcategories&post=11362"},{"taxonomy":"post_tag","embeddable":true,"href":"http:\/\/www.wir-in-winden.de\/index.php?rest_route=%2Fwp%2Fv2%2Ftags&post=11362"}],"curies":[{"name":"wp","href":"https:\/\/api.w.org\/{rel}","templated":true}]}}